{"id":8421,"date":"2013-01-03T14:32:39","date_gmt":"2013-01-03T19:32:39","guid":{"rendered":"http:\/\/www.ambiente.gob.ec\/?p=8421"},"modified":"2013-01-04T09:11:26","modified_gmt":"2013-01-04T14:11:26","slug":"22-canchas-listas-para-los-guayaquilenos-en-parque-samanes","status":"publish","type":"post","link":"https:\/\/www.ambienteyenergia.gob.ec\/ambiente\/22-canchas-listas-para-los-guayaquilenos-en-parque-samanes\/","title":{"rendered":"22 canchas, listas para los guayaquile\u00f1os en Parque Samanes"},"content":{"rendered":"<p style=\"text-align: justify;\"><em>La Ministra del Ambiente constat\u00f3 la obra. Lorena Tapia expuso los trabajos que se har\u00e1n.<\/em><\/p>\n<p style=\"text-align: justify;\">La Ministra del Ambiente, Lorena Tapia, realiz\u00f3 hoy un recorrido de obra en conjunto con la Gerente General de la Empresa P\u00fablica de Parques Naturales y Espacios P\u00fablicos EP Silvia del Campo, y dem\u00e1s autoridades en los predios del \u00c1rea Nacional de Recreaci\u00f3n Los Samanes, ubicado entre las avenida Francisco de Orellana y la avenida Narcisa de Jes\u00fas (Terminal \u2013 Terrestre de Guayaquil).<\/p>\n<p style=\"text-align: justify;\">Parque Samanes nace del Proyecto \u201cGuayaquil Ecol\u00f3gico\u00bb y cumple con el compromiso que tiene el Gobierno Nacional de garantizar la adecuaci\u00f3n de m\u00e1s espacios verdes y de sano entretenimiento para la ciudadan\u00eda, acorde con la filosof\u00eda del Buen Vivir.<\/p>\n<p style=\"text-align: justify;\">Durante este recorrido, la autoridad ambiental constat\u00f3 la implementaci\u00f3n de las 22 canchas deportivas para las disciplinas de v\u00f3ley, b\u00e1squet, tenis, f\u00fatbol para ni\u00f1os y handball.<\/p>\n<p style=\"text-align: justify;\">En su intervenci\u00f3n, Lorena Tapia manifest\u00f3 que Guayaquil es de las ciudades con menor \u00edndice de \u00e1reas verdes en el Ecuador y cuenta tan solo con 1,13 metros cuadrados por habitante. \u00abCon Parque Samanes agregaremos aproximadamente 2,81 m2 de \u00e1reas verdes por habitante al puerto principal. Con lo cual nuestra ciudad llegar\u00eda a casi 4 m2 por persona\u00bb, dijo.<\/p>\n<p style=\"text-align: justify;\">Asimismo, se est\u00e1 ejecutando el relleno de 103,67 hect\u00e1reas que corresponden al sector del muelle y el balneario, ubicados entre la Av. Narcisa de Jes\u00fas y el r\u00edo Daule.<\/p>\n<p style=\"text-align: justify;\">\u00abParque Samanes ser\u00e1 el parque m\u00e1s grande de Latinoam\u00e9rica, y es comparado por la grandeza de su extensi\u00f3n con otros parques emblem\u00e1ticos de Am\u00e9rica, como el Parque Chapultepec en M\u00e9xico, Parque Sim\u00f3n Bol\u00edvar en Colombia y el Central Park en Estados Unidos\u00bb, asinti\u00f3 Tapia.<\/p>\n<p style=\"text-align: justify;\">El proyecto emblem\u00e1tico, \u00fanico de su naturaleza que se est\u00e1 construyendo en el mundo en estos momentos, es considerado el parque m\u00e1s grande de Latinoam\u00e9rica.<\/p>\n<p style=\"text-align: justify;\"><strong>22 canchas para uso ciudadano<\/strong><\/p>\n<p style=\"text-align: justify;\">El pr\u00f3ximo lunes 7 de enero estar\u00e1 disponibles para la ciudadan\u00eda porte\u00f1a 22 de las 57 canchas deportivas de Parque Samanes. Las mismas est\u00e1n divididas en las disciplinas de Tennis (2 canchas), Basquet (4 canchas), Handball (2 canchas), M\u00faltiples (6 canchas) y F\u00fatbol para ni\u00f1os de c\u00e9sped sint\u00e9tico (8 canchas).<\/p>\n<p style=\"text-align: justify;\"><strong>Audio:<\/strong><\/p>\n<p style=\"text-align: justify;\"><a href=\"https:\/\/soundcloud.com\/ambienteec\/parque-samanes\" target=\"_blank\">&#8211; Intervenci\u00f3n de Lorena Tapia<\/a><\/p>\n<p style=\"text-align: justify;\"><strong>Fotos:<\/strong><\/p>\n<p style=\"text-align: justify;\"><a href=\"http:\/\/www.flickr.com\/photos\/ministerioambienteecuador\/8337288337\/in\/photostream\" target=\"_blank\">&#8211; Una galer\u00eda del sector de canchas en Samanes<\/a><\/p>\n<p><strong>Video<\/strong>:<\/p>\n<p><a href=\"https:\/\/www.youtube.com\/watch?v=BIVDMlM3OC8\" target=\"_blank\">&#8211; Maqueta virtual sector de canchas Parque Samanes (Guayaquil) <\/a><\/p>\n<p><a href=\"https:\/\/www.youtube.com\/watch?v=GxbnI65rpkg\" target=\"_blank\">&#8211; Maqueta virtual Parque Samanes (Guayaquil) <\/a><\/p>\n<p><a href=\"https:\/\/www.youtube.com\/watch?v=MtBFu5mERWw\" target=\"_blank\">&#8211; Ministra Tapia recorri\u00f3 obras &#8216;verdes&#8217; que ejecuta la Empresa P\u00fablica de Parques <\/a><\/p>\n<p><strong>Obra avanza en Parque los Samanes<\/strong><\/p>\n<div id='gallery-1' class='gallery galleryid-8421 gallery-columns-4 gallery-size-thumbnail'><dl class='gallery-item'>\n\t\t\t<dt class='gallery-icon landscape'>\n\t\t\t\t<a href='https:\/\/www.ambienteyenergia.gob.ec\/ambiente\/22-canchas-listas-para-los-guayaquilenos-en-parque-samanes\/afuera1\/'><img loading=\"lazy\" decoding=\"async\" width=\"150\" height=\"150\" src=\"https:\/\/www.ambienteyenergia.gob.ec\/ambiente\/wp-content\/uploads\/sites\/2\/2013\/01\/afuera1-150x150.gif\" class=\"attachment-thumbnail size-thumbnail\" alt=\"\" \/><\/a>\n\t\t\t<\/dt><\/dl><dl class='gallery-item'>\n\t\t\t<dt class='gallery-icon landscape'>\n\t\t\t\t<a href='https:\/\/www.ambienteyenergia.gob.ec\/ambiente\/22-canchas-listas-para-los-guayaquilenos-en-parque-samanes\/5-3\/'><img loading=\"lazy\" decoding=\"async\" width=\"150\" height=\"150\" src=\"https:\/\/www.ambienteyenergia.gob.ec\/ambiente\/wp-content\/uploads\/sites\/2\/2013\/01\/51-150x150.jpg\" class=\"attachment-thumbnail size-thumbnail\" alt=\"\" \/><\/a>\n\t\t\t<\/dt><\/dl><dl class='gallery-item'>\n\t\t\t<dt class='gallery-icon landscape'>\n\t\t\t\t<a href='https:\/\/www.ambienteyenergia.gob.ec\/ambiente\/22-canchas-listas-para-los-guayaquilenos-en-parque-samanes\/6-3\/'><img loading=\"lazy\" decoding=\"async\" width=\"150\" height=\"150\" src=\"https:\/\/www.ambienteyenergia.gob.ec\/ambiente\/wp-content\/uploads\/sites\/2\/2013\/01\/62-150x150.jpg\" class=\"attachment-thumbnail size-thumbnail\" alt=\"\" \/><\/a>\n\t\t\t<\/dt><\/dl><dl class='gallery-item'>\n\t\t\t<dt class='gallery-icon landscape'>\n\t\t\t\t<a href='https:\/\/www.ambienteyenergia.gob.ec\/ambiente\/22-canchas-listas-para-los-guayaquilenos-en-parque-samanes\/7-3\/'><img loading=\"lazy\" decoding=\"async\" width=\"150\" height=\"150\" src=\"https:\/\/www.ambienteyenergia.gob.ec\/ambiente\/wp-content\/uploads\/sites\/2\/2013\/01\/72-150x150.jpg\" class=\"attachment-thumbnail size-thumbnail\" alt=\"\" \/><\/a>\n\t\t\t<\/dt><\/dl><br style=\"clear: both\" \/><dl class='gallery-item'>\n\t\t\t<dt class='gallery-icon landscape'>\n\t\t\t\t<a href='https:\/\/www.ambienteyenergia.gob.ec\/ambiente\/22-canchas-listas-para-los-guayaquilenos-en-parque-samanes\/8-2\/'><img loading=\"lazy\" decoding=\"async\" width=\"150\" height=\"150\" src=\"https:\/\/www.ambienteyenergia.gob.ec\/ambiente\/wp-content\/uploads\/sites\/2\/2013\/01\/81-150x150.jpg\" class=\"attachment-thumbnail size-thumbnail\" alt=\"\" \/><\/a>\n\t\t\t<\/dt><\/dl><dl class='gallery-item'>\n\t\t\t<dt class='gallery-icon landscape'>\n\t\t\t\t<a href='https:\/\/www.ambienteyenergia.gob.ec\/ambiente\/22-canchas-listas-para-los-guayaquilenos-en-parque-samanes\/9-2\/'><img loading=\"lazy\" decoding=\"async\" width=\"150\" height=\"150\" src=\"https:\/\/www.ambienteyenergia.gob.ec\/ambiente\/wp-content\/uploads\/sites\/2\/2013\/01\/91-150x150.jpg\" class=\"attachment-thumbnail size-thumbnail\" alt=\"\" \/><\/a>\n\t\t\t<\/dt><\/dl><dl class='gallery-item'>\n\t\t\t<dt class='gallery-icon landscape'>\n\t\t\t\t<a href='https:\/\/www.ambienteyenergia.gob.ec\/ambiente\/22-canchas-listas-para-los-guayaquilenos-en-parque-samanes\/10-2\/'><img loading=\"lazy\" decoding=\"async\" width=\"150\" height=\"150\" src=\"https:\/\/www.ambienteyenergia.gob.ec\/ambiente\/wp-content\/uploads\/sites\/2\/2013\/01\/101-150x150.jpg\" class=\"attachment-thumbnail size-thumbnail\" alt=\"\" \/><\/a>\n\t\t\t<\/dt><\/dl><dl class='gallery-item'>\n\t\t\t<dt class='gallery-icon landscape'>\n\t\t\t\t<a href='https:\/\/www.ambienteyenergia.gob.ec\/ambiente\/22-canchas-listas-para-los-guayaquilenos-en-parque-samanes\/11-2\/'><img loading=\"lazy\" decoding=\"async\" width=\"150\" height=\"150\" src=\"https:\/\/www.ambienteyenergia.gob.ec\/ambiente\/wp-content\/uploads\/sites\/2\/2013\/01\/111-150x150.jpg\" class=\"attachment-thumbnail size-thumbnail\" alt=\"\" \/><\/a>\n\t\t\t<\/dt><\/dl><br style=\"clear: both\" \/><dl class='gallery-item'>\n\t\t\t<dt class='gallery-icon landscape'>\n\t\t\t\t<a href='https:\/\/www.ambienteyenergia.gob.ec\/ambiente\/22-canchas-listas-para-los-guayaquilenos-en-parque-samanes\/12-4\/'><img loading=\"lazy\" decoding=\"async\" width=\"150\" height=\"150\" src=\"https:\/\/www.ambienteyenergia.gob.ec\/ambiente\/wp-content\/uploads\/sites\/2\/2013\/01\/121-150x150.jpg\" class=\"attachment-thumbnail size-thumbnail\" alt=\"\" \/><\/a>\n\t\t\t<\/dt><\/dl><dl class='gallery-item'>\n\t\t\t<dt class='gallery-icon landscape'>\n\t\t\t\t<a href='https:\/\/www.ambienteyenergia.gob.ec\/ambiente\/22-canchas-listas-para-los-guayaquilenos-en-parque-samanes\/13-2\/'><img loading=\"lazy\" decoding=\"async\" width=\"150\" height=\"150\" src=\"https:\/\/www.ambienteyenergia.gob.ec\/ambiente\/wp-content\/uploads\/sites\/2\/2013\/01\/131-150x150.jpg\" class=\"attachment-thumbnail size-thumbnail\" alt=\"\" \/><\/a>\n\t\t\t<\/dt><\/dl>\n\t\t\t<br style='clear: both' \/>\n\t\t<\/div>\n\n","protected":false},"excerpt":{"rendered":"<p class=\"excerpt\">La Ministra del Ambiente constat\u00f3 la obra. Lorena Tapia expuso los trabajos que se har\u00e1n. La Ministra del Ambiente, Lorena Tapia, realiz\u00f3 hoy un recorrido de obra en conjunto con la Gerente General de la Empresa P\u00fablica de Parques Naturales y Espacios P\u00fablicos EP Silvia del Campo, y dem\u00e1s autoridades en los predios del \u00c1rea Nacional de Recreaci\u00f3n Los Samanes,&hellip; <a href=\"https:\/\/www.ambienteyenergia.gob.ec\/ambiente\/22-canchas-listas-para-los-guayaquilenos-en-parque-samanes\/\">Read more &rarr;<\/a><\/p>\n","protected":false},"author":13,"featured_media":8424,"comment_status":"closed","ping_status":"closed","sticky":false,"template":"","format":"standard","meta":{"footnotes":""},"categories":[16,4],"tags":[48,68,53,54],"class_list":["post-8421","post","type-post","status-publish","format-standard","has-post-thumbnail","hentry","category-comunicamos","category-noticias","tag-ecuador","tag-guayaquil","tag-mae","tag-ministerio-del-ambiente","xfolkentry"],"_links":{"self":[{"href":"https:\/\/www.ambienteyenergia.gob.ec\/ambiente\/wp-json\/wp\/v2\/posts\/8421","targetHints":{"allow":["GET"]}}],"collection":[{"href":"https:\/\/www.ambienteyenergia.gob.ec\/ambiente\/wp-json\/wp\/v2\/posts"}],"about":[{"href":"https:\/\/www.ambienteyenergia.gob.ec\/ambiente\/wp-json\/wp\/v2\/types\/post"}],"author":[{"embeddable":true,"href":"https:\/\/www.ambienteyenergia.gob.ec\/ambiente\/wp-json\/wp\/v2\/users\/13"}],"replies":[{"embeddable":true,"href":"https:\/\/www.ambienteyenergia.gob.ec\/ambiente\/wp-json\/wp\/v2\/comments?post=8421"}],"version-history":[{"count":0,"href":"https:\/\/www.ambienteyenergia.gob.ec\/ambiente\/wp-json\/wp\/v2\/posts\/8421\/revisions"}],"wp:featuredmedia":[{"embeddable":true,"href":"https:\/\/www.ambienteyenergia.gob.ec\/ambiente\/wp-json\/wp\/v2\/media\/8424"}],"wp:attachment":[{"href":"https:\/\/www.ambienteyenergia.gob.ec\/ambiente\/wp-json\/wp\/v2\/media?parent=8421"}],"wp:term":[{"taxonomy":"category","embeddable":true,"href":"https:\/\/www.ambienteyenergia.gob.ec\/ambiente\/wp-json\/wp\/v2\/categories?post=8421"},{"taxonomy":"post_tag","embeddable":true,"href":"https:\/\/www.ambienteyenergia.gob.ec\/ambiente\/wp-json\/wp\/v2\/tags?post=8421"}],"curies":[{"name":"wp","href":"https:\/\/api.w.org\/{rel}","templated":true}]}}