{"id":8388,"date":"2013-01-02T09:32:37","date_gmt":"2013-01-02T14:32:37","guid":{"rendered":"http:\/\/www.ambiente.gob.ec\/?p=8388"},"modified":"2013-01-03T13:49:21","modified_gmt":"2013-01-03T18:49:21","slug":"manana-se-entrega-zona-de-canchas-en-parque-samanes-guayaquil","status":"publish","type":"post","link":"https:\/\/www.ambienteyenergia.gob.ec\/ambiente\/manana-se-entrega-zona-de-canchas-en-parque-samanes-guayaquil\/","title":{"rendered":"Avances en zona de canchas en Parque Samanes (Guayaquil)"},"content":{"rendered":"<p style=\"text-align: justify;\">El Ministerio de Ambiente (MAE), a trav\u00e9s de la Empresa P\u00fablica de Parques Naturales y Espacios P\u00fablicos EP, contin\u00faa avanzando con los trabajos de construcci\u00f3n del \u00c1rea Nacional de Recreaci\u00f3n Samanes. Hoy se realiz\u00f3 un recorrido por la zona de canchas, etapa que estar\u00e1 abierta a la ciudadan\u00eda el pr\u00f3ximo lunes.<\/p>\n<p style=\"text-align: justify;\">Los primeros trabajos de construcci\u00f3n empezaron en el mes de septiembre del 2012 con la implementaci\u00f3n del sistema de aguas lluvias y riego, tambi\u00e9n se realizo la colocaci\u00f3n de la infraestructura sanitaria, el\u00e9ctrica, telef\u00f3nica y de internet para la zona de canchas, todo eso quedo oculto bajo tierra.<\/p>\n<p style=\"text-align: justify;\">Al momento se ha realizado la fundici\u00f3n de las 39 canchas deportivas para las disciplinas de v\u00f3ley, b\u00e1squet, tenis y handball, cuya obra es notable por quienes transitan por el sitio. Adem\u00e1s, se concluy\u00f3 el sistema de drenajes de las 18 canchas de f\u00fatbol 7 que ser\u00e1n de c\u00e9sped sint\u00e9tico. En total suman 57 los espacios deportivos con los que contar\u00e1 pr\u00f3ximamente Parque Samanes.<\/p>\n<p style=\"text-align: justify;\">Paralelamente se adoquina la caminera principal, adem\u00e1s de realizar la construcci\u00f3n de los bordillos en las aceras. En la parte de \u00e1reas verdes, se est\u00e1n adecuando las dunas con c\u00e9sped San Agust\u00edn y diferentes plantas arbustivas.<\/p>\n<p style=\"text-align: justify;\">De esta manera, el Gobierno Nacional cumple el compromiso de proporcionar a los habitantes de Guayaquil de espacios verdes para la socializaci\u00f3n, recreaci\u00f3n, esparcimiento, cultura y deportes, asegurando un contacto arm\u00f3nico de la ciudadan\u00eda con la naturaleza y su entorno.<\/p>\n<p style=\"text-align: justify;\"><strong>Video<\/strong>:<\/p>\n<p style=\"text-align: justify;\"><a href=\"https:\/\/www.youtube.com\/watch?v=BIVDMlM3OC8\" target=\"_blank\">&#8211; Maqueta virtual sector de canchas Parque Samanes (Guayaquil) <\/a><\/p>\n<p style=\"text-align: justify;\"><a href=\"https:\/\/www.youtube.com\/watch?v=GxbnI65rpkg\" target=\"_blank\">&#8211; Maqueta virtual Parque Samanes (Guayaquil) <\/a><\/p>\n<p style=\"text-align: justify;\"><a href=\"https:\/\/www.youtube.com\/watch?v=MtBFu5mERWw\" target=\"_blank\">&#8211; Ministra Tapia recorri\u00f3 obras &#8216;verdes&#8217; que ejecuta la Empresa P\u00fablica de Parques <\/a><\/p>\n<p style=\"text-align: justify;\"><strong>Noticias<\/strong>:<\/p>\n<p style=\"text-align: justify;\"><a href=\"http:\/\/www.ambienteyenergia.gob.ec\/ambiente\/manana-se-entrega-zona-de-canchas-en-parque-samanes-guayaquil\/\" target=\"_blank\">&#8211; Ministra del Ambiente recorri\u00f3 avances de obra en Parque Samanes<\/a><\/p>\n<p style=\"text-align: justify;\"><a href=\"http:\/\/www.ambienteyenergia.gob.ec\/ambiente\/presidente-correa-y-ministra-aguinaga-recorren-parque-samanes\/\" target=\"_blank\">&#8211; Presidente Correa recorre el Parque Samanes<\/a><\/p>\n<p style=\"text-align: justify;\"><a href=\"http:\/\/www.ambienteyenergia.gob.ec\/ambiente\/parque-samanes-firma-contrato-para-construccion-de-zona-de-canchas\/\" target=\"_blank\">&#8211; Parque Samanes firm\u00f3 contrato para construcci\u00f3n de zona de canchas<\/a><\/p>\n<p style=\"text-align: justify;\"><a href=\"http:\/\/www.ambienteyenergia.gob.ec\/ambiente\/obra-avanza-en-parque-los-samanes\/\" target=\"_blank\">&#8211; Obra avanza en Parque los Samanes<\/a><\/p>\n<div id='gallery-1' class='gallery galleryid-8388 gallery-columns-3 gallery-size-thumbnail'><dl class='gallery-item'>\n\t\t\t<dt class='gallery-icon landscape'>\n\t\t\t\t<a href='https:\/\/www.ambienteyenergia.gob.ec\/ambiente\/manana-se-entrega-zona-de-canchas-en-parque-samanes-guayaquil\/1-14\/'><img loading=\"lazy\" decoding=\"async\" width=\"150\" height=\"150\" src=\"https:\/\/www.ambienteyenergia.gob.ec\/ambiente\/wp-content\/uploads\/sites\/2\/2013\/01\/1-150x150.jpg\" class=\"attachment-thumbnail size-thumbnail\" alt=\"\" \/><\/a>\n\t\t\t<\/dt><\/dl><dl class='gallery-item'>\n\t\t\t<dt class='gallery-icon landscape'>\n\t\t\t\t<a href='https:\/\/www.ambienteyenergia.gob.ec\/ambiente\/manana-se-entrega-zona-de-canchas-en-parque-samanes-guayaquil\/2-7\/'><img loading=\"lazy\" decoding=\"async\" width=\"150\" height=\"150\" src=\"https:\/\/www.ambienteyenergia.gob.ec\/ambiente\/wp-content\/uploads\/sites\/2\/2013\/01\/2-150x150.jpg\" class=\"attachment-thumbnail size-thumbnail\" alt=\"\" \/><\/a>\n\t\t\t<\/dt><\/dl><dl class='gallery-item'>\n\t\t\t<dt class='gallery-icon landscape'>\n\t\t\t\t<a href='https:\/\/www.ambienteyenergia.gob.ec\/ambiente\/manana-se-entrega-zona-de-canchas-en-parque-samanes-guayaquil\/3-2\/'><img loading=\"lazy\" decoding=\"async\" width=\"150\" height=\"150\" src=\"https:\/\/www.ambienteyenergia.gob.ec\/ambiente\/wp-content\/uploads\/sites\/2\/2013\/01\/3-150x150.jpg\" class=\"attachment-thumbnail size-thumbnail\" alt=\"\" \/><\/a>\n\t\t\t<\/dt><\/dl><br style=\"clear: both\" \/><dl class='gallery-item'>\n\t\t\t<dt class='gallery-icon landscape'>\n\t\t\t\t<a href='https:\/\/www.ambienteyenergia.gob.ec\/ambiente\/manana-se-entrega-zona-de-canchas-en-parque-samanes-guayaquil\/4-3\/'><img loading=\"lazy\" decoding=\"async\" width=\"150\" height=\"150\" src=\"https:\/\/www.ambienteyenergia.gob.ec\/ambiente\/wp-content\/uploads\/sites\/2\/2013\/01\/4-150x150.jpg\" class=\"attachment-thumbnail size-thumbnail\" alt=\"\" \/><\/a>\n\t\t\t<\/dt><\/dl><dl class='gallery-item'>\n\t\t\t<dt class='gallery-icon landscape'>\n\t\t\t\t<a href='https:\/\/www.ambienteyenergia.gob.ec\/ambiente\/manana-se-entrega-zona-de-canchas-en-parque-samanes-guayaquil\/attachment\/6\/'><img loading=\"lazy\" decoding=\"async\" width=\"150\" height=\"150\" src=\"https:\/\/www.ambienteyenergia.gob.ec\/ambiente\/wp-content\/uploads\/sites\/2\/2013\/01\/6-150x150.jpg\" class=\"attachment-thumbnail size-thumbnail\" alt=\"\" \/><\/a>\n\t\t\t<\/dt><\/dl><dl class='gallery-item'>\n\t\t\t<dt class='gallery-icon landscape'>\n\t\t\t\t<a href='https:\/\/www.ambienteyenergia.gob.ec\/ambiente\/manana-se-entrega-zona-de-canchas-en-parque-samanes-guayaquil\/attachment\/7\/'><img loading=\"lazy\" decoding=\"async\" width=\"150\" height=\"150\" src=\"https:\/\/www.ambienteyenergia.gob.ec\/ambiente\/wp-content\/uploads\/sites\/2\/2013\/01\/7-150x150.jpg\" class=\"attachment-thumbnail size-thumbnail\" alt=\"\" \/><\/a>\n\t\t\t<\/dt><\/dl><br style=\"clear: both\" \/><dl class='gallery-item'>\n\t\t\t<dt class='gallery-icon landscape'>\n\t\t\t\t<a href='https:\/\/www.ambienteyenergia.gob.ec\/ambiente\/manana-se-entrega-zona-de-canchas-en-parque-samanes-guayaquil\/attachment\/8\/'><img loading=\"lazy\" decoding=\"async\" width=\"150\" height=\"150\" src=\"https:\/\/www.ambienteyenergia.gob.ec\/ambiente\/wp-content\/uploads\/sites\/2\/2013\/01\/8-150x150.jpg\" class=\"attachment-thumbnail size-thumbnail\" alt=\"\" \/><\/a>\n\t\t\t<\/dt><\/dl><dl class='gallery-item'>\n\t\t\t<dt class='gallery-icon landscape'>\n\t\t\t\t<a href='https:\/\/www.ambienteyenergia.gob.ec\/ambiente\/manana-se-entrega-zona-de-canchas-en-parque-samanes-guayaquil\/attachment\/9\/'><img loading=\"lazy\" decoding=\"async\" width=\"150\" height=\"150\" src=\"https:\/\/www.ambienteyenergia.gob.ec\/ambiente\/wp-content\/uploads\/sites\/2\/2013\/01\/9-150x150.jpg\" class=\"attachment-thumbnail size-thumbnail\" alt=\"\" \/><\/a>\n\t\t\t<\/dt><\/dl><dl class='gallery-item'>\n\t\t\t<dt class='gallery-icon landscape'>\n\t\t\t\t<a href='https:\/\/www.ambienteyenergia.gob.ec\/ambiente\/manana-se-entrega-zona-de-canchas-en-parque-samanes-guayaquil\/attachment\/10\/'><img loading=\"lazy\" decoding=\"async\" width=\"150\" height=\"150\" src=\"https:\/\/www.ambienteyenergia.gob.ec\/ambiente\/wp-content\/uploads\/sites\/2\/2013\/01\/10-150x150.jpg\" class=\"attachment-thumbnail size-thumbnail\" alt=\"\" \/><\/a>\n\t\t\t<\/dt><\/dl><br style=\"clear: both\" \/><dl class='gallery-item'>\n\t\t\t<dt class='gallery-icon landscape'>\n\t\t\t\t<a href='https:\/\/www.ambienteyenergia.gob.ec\/ambiente\/manana-se-entrega-zona-de-canchas-en-parque-samanes-guayaquil\/12-3\/'><img loading=\"lazy\" decoding=\"async\" width=\"150\" height=\"150\" src=\"https:\/\/www.ambienteyenergia.gob.ec\/ambiente\/wp-content\/uploads\/sites\/2\/2013\/01\/12-150x150.jpg\" class=\"attachment-thumbnail size-thumbnail\" alt=\"\" \/><\/a>\n\t\t\t<\/dt><\/dl><dl class='gallery-item'>\n\t\t\t<dt class='gallery-icon landscape'>\n\t\t\t\t<a href='https:\/\/www.ambienteyenergia.gob.ec\/ambiente\/manana-se-entrega-zona-de-canchas-en-parque-samanes-guayaquil\/attachment\/13\/'><img loading=\"lazy\" decoding=\"async\" width=\"150\" height=\"150\" src=\"https:\/\/www.ambienteyenergia.gob.ec\/ambiente\/wp-content\/uploads\/sites\/2\/2013\/01\/13-150x150.jpg\" class=\"attachment-thumbnail size-thumbnail\" alt=\"\" \/><\/a>\n\t\t\t<\/dt><\/dl><dl class='gallery-item'>\n\t\t\t<dt class='gallery-icon landscape'>\n\t\t\t\t<a href='https:\/\/www.ambienteyenergia.gob.ec\/ambiente\/manana-se-entrega-zona-de-canchas-en-parque-samanes-guayaquil\/dentro1-8\/'><img loading=\"lazy\" decoding=\"async\" width=\"150\" height=\"150\" src=\"https:\/\/www.ambienteyenergia.gob.ec\/ambiente\/wp-content\/uploads\/sites\/2\/2013\/01\/dentro1-150x150.jpg\" class=\"attachment-thumbnail size-thumbnail\" alt=\"\" \/><\/a>\n\t\t\t<\/dt><\/dl><br style=\"clear: both\" \/>\n\t\t<\/div>\n\n<p>&nbsp;<\/p>\n","protected":false},"excerpt":{"rendered":"<p class=\"excerpt\">El Ministerio de Ambiente (MAE), a trav\u00e9s de la Empresa P\u00fablica de Parques Naturales y Espacios P\u00fablicos EP, contin\u00faa avanzando con los trabajos de construcci\u00f3n del \u00c1rea Nacional de Recreaci\u00f3n Samanes. Hoy se realiz\u00f3 un recorrido por la zona de canchas, etapa que estar\u00e1 abierta a la ciudadan\u00eda el pr\u00f3ximo lunes. Los primeros trabajos de construcci\u00f3n empezaron en el mes&hellip; <a href=\"https:\/\/www.ambienteyenergia.gob.ec\/ambiente\/manana-se-entrega-zona-de-canchas-en-parque-samanes-guayaquil\/\">Read more &rarr;<\/a><\/p>\n","protected":false},"author":13,"featured_media":8403,"comment_status":"open","ping_status":"open","sticky":false,"template":"","format":"standard","meta":{"footnotes":""},"categories":[16,4],"tags":[],"class_list":["post-8388","post","type-post","status-publish","format-standard","has-post-thumbnail","hentry","category-comunicamos","category-noticias","xfolkentry"],"_links":{"self":[{"href":"https:\/\/www.ambienteyenergia.gob.ec\/ambiente\/wp-json\/wp\/v2\/posts\/8388","targetHints":{"allow":["GET"]}}],"collection":[{"href":"https:\/\/www.ambienteyenergia.gob.ec\/ambiente\/wp-json\/wp\/v2\/posts"}],"about":[{"href":"https:\/\/www.ambienteyenergia.gob.ec\/ambiente\/wp-json\/wp\/v2\/types\/post"}],"author":[{"embeddable":true,"href":"https:\/\/www.ambienteyenergia.gob.ec\/ambiente\/wp-json\/wp\/v2\/users\/13"}],"replies":[{"embeddable":true,"href":"https:\/\/www.ambienteyenergia.gob.ec\/ambiente\/wp-json\/wp\/v2\/comments?post=8388"}],"version-history":[{"count":0,"href":"https:\/\/www.ambienteyenergia.gob.ec\/ambiente\/wp-json\/wp\/v2\/posts\/8388\/revisions"}],"wp:featuredmedia":[{"embeddable":true,"href":"https:\/\/www.ambienteyenergia.gob.ec\/ambiente\/wp-json\/wp\/v2\/media\/8403"}],"wp:attachment":[{"href":"https:\/\/www.ambienteyenergia.gob.ec\/ambiente\/wp-json\/wp\/v2\/media?parent=8388"}],"wp:term":[{"taxonomy":"category","embeddable":true,"href":"https:\/\/www.ambienteyenergia.gob.ec\/ambiente\/wp-json\/wp\/v2\/categories?post=8388"},{"taxonomy":"post_tag","embeddable":true,"href":"https:\/\/www.ambienteyenergia.gob.ec\/ambiente\/wp-json\/wp\/v2\/tags?post=8388"}],"curies":[{"name":"wp","href":"https:\/\/api.w.org\/{rel}","templated":true}]}}