{"id":8378,"date":"2012-12-28T14:59:56","date_gmt":"2012-12-28T19:59:56","guid":{"rendered":"http:\/\/www.ambiente.gob.ec\/?p=8378"},"modified":"2012-12-31T15:03:35","modified_gmt":"2012-12-31T20:03:35","slug":"ministra-del-ambiente-evalua-labor-de-la-direccion-del-parque-nacional-galapagos-2","status":"publish","type":"post","link":"https:\/\/www.ambienteyenergia.gob.ec\/ambiente\/ministra-del-ambiente-evalua-labor-de-la-direccion-del-parque-nacional-galapagos-2\/","title":{"rendered":"Ministra del Ambiente eval\u00faa labor de la Direcci\u00f3n del Parque Nacional Gal\u00e1pagos"},"content":{"rendered":"<p style=\"text-align: left;\">En su visita a las islas, Lorena Tapia, Ministra del Ambiente (MAE) reconoci\u00f3 el trabajo de la Direcci\u00f3n del Parque Nacional Gal\u00e1pagos por su labor durante el a\u00f1o 2012 como ejecutores de las pol\u00edticas gubernamentales para la conservaci\u00f3n de las islas.<\/p>\n<p style=\"text-align: left;\">Ayer (jueves) la Ministra mantuvo una reuni\u00f3n con el Consejo T\u00e9cnico del Parque Nacional Gal\u00e1pagos (DPNG), a quienes agradeci\u00f3 por el trabajo realizado y evalu\u00f3 los avances, plan de manejo ambiental y reestructuraci\u00f3n Institucional para el 2013.<\/p>\n<p style=\"text-align: left;\">Acto seguido, la m\u00e1xima autoridad ambiental particip\u00f3 de la Inauguraci\u00f3n del Proyecto \u00abRecuperaci\u00f3n Laguna Las Ninfas\u00bb en la ciudad de Puerto Ayora situada en la isla Santa Cruz. En el evento, el alcalde Leopoldo Bucheli entreg\u00f3 las Llaves de la Ciudad a Lorena Tapia, resaltando su rol como Ministra de Estado.<\/p>\n<p style=\"text-align: left;\">El mencionado proyecto rehabilitr\u00e1 un sendero tur\u00edstico para el paisaje de agua sal cristalina rodeada de \u00e1rboles de maglar y peces que acompa\u00f1an a los turistas en su aventura.<\/p>\n<p style=\"text-align: left;\">Para hoy, la Ministra Tapia acompa\u00f1ada del Director del Parque Nacional Gal\u00e1pagos, Edwin Naula, y el Coordinador General, Washington Tapia sostuvo una reuni\u00f3n para tratar la Ley Especial de Gal\u00e1pagos y los avances del Consejo de Gobierno en isla San Crist\u00f3bal.<\/p>\n<p style=\"text-align: left;\">A partir de las 17:30, la Ministra tendr\u00e1 una cita en la Unidad Tecnica de Isabela para evaluar la Planta de Tratamiento de Aguas Residuales y Permuta de Tierras que operan en la localidad.<\/p>\n","protected":false},"excerpt":{"rendered":"<p class=\"excerpt\">En su visita a las islas, Lorena Tapia, Ministra del Ambiente (MAE) reconoci\u00f3 el trabajo de la Direcci\u00f3n del Parque Nacional Gal\u00e1pagos por su labor durante el a\u00f1o 2012 como ejecutores de las pol\u00edticas gubernamentales para la conservaci\u00f3n de las islas. Ayer (jueves) la Ministra mantuvo una reuni\u00f3n con el Consejo T\u00e9cnico del Parque Nacional Gal\u00e1pagos (DPNG), a quienes agradeci\u00f3&hellip; <a href=\"https:\/\/www.ambienteyenergia.gob.ec\/ambiente\/ministra-del-ambiente-evalua-labor-de-la-direccion-del-parque-nacional-galapagos-2\/\">Read more &rarr;<\/a><\/p>\n","protected":false},"author":13,"featured_media":0,"comment_status":"open","ping_status":"open","sticky":false,"template":"","format":"standard","meta":{"footnotes":""},"categories":[16,4],"tags":[],"class_list":["post-8378","post","type-post","status-publish","format-standard","hentry","category-comunicamos","category-noticias","xfolkentry"],"_links":{"self":[{"href":"https:\/\/www.ambienteyenergia.gob.ec\/ambiente\/wp-json\/wp\/v2\/posts\/8378","targetHints":{"allow":["GET"]}}],"collection":[{"href":"https:\/\/www.ambienteyenergia.gob.ec\/ambiente\/wp-json\/wp\/v2\/posts"}],"about":[{"href":"https:\/\/www.ambienteyenergia.gob.ec\/ambiente\/wp-json\/wp\/v2\/types\/post"}],"author":[{"embeddable":true,"href":"https:\/\/www.ambienteyenergia.gob.ec\/ambiente\/wp-json\/wp\/v2\/users\/13"}],"replies":[{"embeddable":true,"href":"https:\/\/www.ambienteyenergia.gob.ec\/ambiente\/wp-json\/wp\/v2\/comments?post=8378"}],"version-history":[{"count":0,"href":"https:\/\/www.ambienteyenergia.gob.ec\/ambiente\/wp-json\/wp\/v2\/posts\/8378\/revisions"}],"wp:attachment":[{"href":"https:\/\/www.ambienteyenergia.gob.ec\/ambiente\/wp-json\/wp\/v2\/media?parent=8378"}],"wp:term":[{"taxonomy":"category","embeddable":true,"href":"https:\/\/www.ambienteyenergia.gob.ec\/ambiente\/wp-json\/wp\/v2\/categories?post=8378"},{"taxonomy":"post_tag","embeddable":true,"href":"https:\/\/www.ambienteyenergia.gob.ec\/ambiente\/wp-json\/wp\/v2\/tags?post=8378"}],"curies":[{"name":"wp","href":"https:\/\/api.w.org\/{rel}","templated":true}]}}