{"id":8368,"date":"2012-12-28T11:48:19","date_gmt":"2012-12-28T16:48:19","guid":{"rendered":"http:\/\/www.ambiente.gob.ec\/?p=8368"},"modified":"2012-12-31T15:08:41","modified_gmt":"2012-12-31T20:08:41","slug":"cuidados-para-este-feriado-en-el-area-nacional-de-recreacion-playas-de-villamil","status":"publish","type":"post","link":"https:\/\/www.ambienteyenergia.gob.ec\/ambiente\/cuidados-para-este-feriado-en-el-area-nacional-de-recreacion-playas-de-villamil\/","title":{"rendered":"Cuidados para este feriado en el \u00c1rea Nacional de Recreaci\u00f3n Playas de Villamil"},"content":{"rendered":"<p style=\"text-align: left;\">Este feriado de a\u00f1o nuevo se espera una importante afluencia de turistas nacionales y extranjeros en el \u00c1rea Nacional de Recreaci\u00f3n Playas de Villamil (ANRPV), lo que lleva al Ministerio del Ambiente (MAE) a difundir entre la ciudadan\u00eda importantes medidas de protecci\u00f3n de los 14 kil\u00f3metros lineales de playa que tiene esta \u00e1rea protegida.<\/p>\n<p style=\"text-align: left;\">Debido a la arraigada costumbre de quemar monigotes, esta Cartera de Estado establece dos zonas exclusivas para efectuar la actividad, las que son: Sector La Bajada de los Ostreros (Av. Paquisha) y Sector del Esterillo.<\/p>\n<p style=\"text-align: left;\">No obstante, la quema se podr\u00e1 realizar bajo las siguientes normas de control y seguridad ambiental, como son colocar un zinc bajo el monigote, si este mide m\u00e1s de 2 metros, debe ser desarmado en partes que faciliten su incineraci\u00f3n, evitando contaminar cables o inmuebles.<\/p>\n<p style=\"text-align: left;\">Est\u00e1 prohibida la quema en otras zonas de la playa y restringido el consumo de bebidas alcoh\u00f3licas, por lo cual personal del Refugio de Vida Silvestre El Morro del MAE, del Municipio de General Villamil Playas y otras entidades, trabajar\u00e1n en el resguardo de la zona.<\/p>\n<p style=\"text-align: left;\">El MAE realiza esta excepci\u00f3n, bajo el compromiso del Municipio de General Villamil Playas de precautelar el cuidado ambiental del ANRPV, retirando los desechos que se generen en las \u00e1reas especificadas tras la quema de los monigotes, permitiendo la protecci\u00f3n de la playa y, principalmente, de la ciudadan\u00eda que acudir\u00e1 hasta este importante balneario guayasense para disfrutar del feriado.<\/p>\n<p style=\"text-align: left;\">Otras medidas que se implementan en el \u00c1rea Nacional de Recreaci\u00f3n son aplicadas por la normativa ambiental y directrices del Plan de Manejo por los operadores tur\u00edsticos y pescadores, quienes tienen que regirse a lineamientos que permiten un trabajo arm\u00f3nico con el medio ambiente en la zona de playa.<\/p>\n<p style=\"text-align: left;\">La normativa fue socializada desde octubre pasado, con la finalidad de que los operadores tur\u00edsticos y pescadores mantengan limpia la playa, evitando el eviscerado y comercializaci\u00f3n de peces en el lugar, corrigiendo la mala disposici\u00f3n de la basura y aguas grises, permitiendo al turista contar con una playa limpia para su bienestar y el de las especies marino costeras.<\/p>\n<p style=\"text-align: left;\">Es necesario aclarar que los veh\u00edculos no podr\u00e1n parquear en zonas de playa destinada para la recreaci\u00f3n de personas.<\/p>\n","protected":false},"excerpt":{"rendered":"<p class=\"excerpt\">Este feriado de a\u00f1o nuevo se espera una importante afluencia de turistas nacionales y extranjeros en el \u00c1rea Nacional de Recreaci\u00f3n Playas de Villamil (ANRPV), lo que lleva al Ministerio del Ambiente (MAE) a difundir entre la ciudadan\u00eda importantes medidas de protecci\u00f3n de los 14 kil\u00f3metros lineales de playa que tiene esta \u00e1rea protegida. Debido a la arraigada costumbre de&hellip; <a href=\"https:\/\/www.ambienteyenergia.gob.ec\/ambiente\/cuidados-para-este-feriado-en-el-area-nacional-de-recreacion-playas-de-villamil\/\">Read more &rarr;<\/a><\/p>\n","protected":false},"author":13,"featured_media":8369,"comment_status":"open","ping_status":"open","sticky":false,"template":"","format":"standard","meta":{"footnotes":""},"categories":[16,4],"tags":[],"class_list":["post-8368","post","type-post","status-publish","format-standard","has-post-thumbnail","hentry","category-comunicamos","category-noticias","xfolkentry"],"_links":{"self":[{"href":"https:\/\/www.ambienteyenergia.gob.ec\/ambiente\/wp-json\/wp\/v2\/posts\/8368","targetHints":{"allow":["GET"]}}],"collection":[{"href":"https:\/\/www.ambienteyenergia.gob.ec\/ambiente\/wp-json\/wp\/v2\/posts"}],"about":[{"href":"https:\/\/www.ambienteyenergia.gob.ec\/ambiente\/wp-json\/wp\/v2\/types\/post"}],"author":[{"embeddable":true,"href":"https:\/\/www.ambienteyenergia.gob.ec\/ambiente\/wp-json\/wp\/v2\/users\/13"}],"replies":[{"embeddable":true,"href":"https:\/\/www.ambienteyenergia.gob.ec\/ambiente\/wp-json\/wp\/v2\/comments?post=8368"}],"version-history":[{"count":0,"href":"https:\/\/www.ambienteyenergia.gob.ec\/ambiente\/wp-json\/wp\/v2\/posts\/8368\/revisions"}],"wp:featuredmedia":[{"embeddable":true,"href":"https:\/\/www.ambienteyenergia.gob.ec\/ambiente\/wp-json\/wp\/v2\/media\/8369"}],"wp:attachment":[{"href":"https:\/\/www.ambienteyenergia.gob.ec\/ambiente\/wp-json\/wp\/v2\/media?parent=8368"}],"wp:term":[{"taxonomy":"category","embeddable":true,"href":"https:\/\/www.ambienteyenergia.gob.ec\/ambiente\/wp-json\/wp\/v2\/categories?post=8368"},{"taxonomy":"post_tag","embeddable":true,"href":"https:\/\/www.ambienteyenergia.gob.ec\/ambiente\/wp-json\/wp\/v2\/tags?post=8368"}],"curies":[{"name":"wp","href":"https:\/\/api.w.org\/{rel}","templated":true}]}}