{"id":8354,"date":"2012-12-31T13:21:59","date_gmt":"2012-12-31T18:21:59","guid":{"rendered":"http:\/\/www.ambiente.gob.ec\/?p=8354"},"modified":"2012-12-31T15:06:24","modified_gmt":"2012-12-31T20:06:24","slug":"ministra-del-ambiente-evalua-labor-de-la-direccion-del-parque-nacional-galapagos","status":"publish","type":"post","link":"https:\/\/www.ambienteyenergia.gob.ec\/ambiente\/ministra-del-ambiente-evalua-labor-de-la-direccion-del-parque-nacional-galapagos\/","title":{"rendered":"Ministra del Ambiente se reuni\u00f3 con autoridades y sectores de Gal\u00e1pagos"},"content":{"rendered":"<p style=\"text-align: justify;\">La Ministra del Ambiente, Lorena Tapia, cumpli\u00f3 una agenda de trabajo en Gal\u00e1pagos, la misma que inici\u00f3 el jueves en la ma\u00f1ana, tras su llegada a Puerto Ayora, en la isla Santa Cruz, donde fue recibida por el Director del Parque Nacional Gal\u00e1pagos, Edwin Naula.<\/p>\n<p style=\"text-align: justify;\">Tras una reuni\u00f3n de labores con los responsables de las direcciones y otros funcionarios de la DPNG, la ministra se reuni\u00f3 con el alcalde Santa Cruz, Leopoldo Buchelli.<\/p>\n<p style=\"text-align: justify;\">Posteriormente asisti\u00f3 a la reapertura del sendero tur\u00edstico Laguna de Las Ninfas, sitio de visita que fue recuperado, tanto en su estructura como en materia de saneamiento ambiental, gracias a un convenio entre la Direcci\u00f3n del Parque Nacional Gal\u00e1pagos (DPNG) y el municipio.<\/p>\n<p style=\"text-align: justify;\">Esta ma\u00f1ana viaj\u00f3 a San Crist\u00f3bal, tras su arribo Lorena Tapia visit\u00f3 el Consejo de Gobierno del R\u00e9gimen Especial de Gal\u00e1pagos, donde fue recibida por su presidente, Jorge Torres, con quien abord\u00f3 temas relacionados con la Ley Org\u00e1nica de R\u00e9gimen Especial para la Conservaci\u00f3n y Desarrollo Sustentable de la Provincia de Gal\u00e1pagos (Loreg).<\/p>\n<p style=\"text-align: justify;\">Los t\u00e9cnicos del Consejo de Gobierno explicaron a la ministra los proyectos ejecutados en el 2012 y los retos del pr\u00f3ximo a\u00f1o; as\u00ed como el plan de ordenamiento territorial.<\/p>\n<p style=\"text-align: justify;\">En el municipio de San Crist\u00f3bal fue recibida por el alcalde Pedro Zapata y los concejales, quienes solicitaron el apoyo del ministerio para la ejecuci\u00f3n del proyecto de relleno sanitario, as\u00ed como el proyecto de varadero y encadenamiento de embarcaciones, previstos por el cabildo.<\/p>\n<p style=\"text-align: justify;\">Finalmente, la ministra recibi\u00f3 en la oficina de la Unidad T\u00e9cnica de San Crist\u00f3bal a los<br \/>\nrepresentantes del sector tur\u00edstico local: Franklin Romero, presidente de la C\u00e1mara de Turismo; Iv\u00e1n L\u00f3pez, presidente de la asociaci\u00f3n de gu\u00edas naturalistas y operadores de turismo.<\/p>\n<p style=\"text-align: justify;\">Romero y L\u00f3pez resaltaron los beneficios de la nueva estructura de la DPNG, que ha permitido agilizar los procesos como renovaci\u00f3n de patentes y licencias, en el caso de los gu\u00edas; pues le explicaron a la ministra que ahora no necesitan viajar a Santa Cruz para realizar estos tr\u00e1mites.<\/p>\n<p style=\"text-align: justify;\">Iv\u00e1n L\u00f3pez solicit\u00f3 a Lorena Tapia que la DPNG analice la posibilidad de realizar cursos para la formaci\u00f3n de gu\u00edas naturalistas, durante el 2013.<\/p>\n<p style=\"text-align: justify;\">La secretaria de Estado tambi\u00e9n recibi\u00f3 a los representantes del sector Pesquero: Marco<br \/>\nEscarabay, Rolando Parrales y Carlos Rivera, con los que abord\u00f3 varios puntos, entre ellos el fortalecimiento de los centros de acopio y comercializaci\u00f3n de los productos obtenidos en la pesquer\u00eda; la reestructuraci\u00f3n de las cooperativas pesqueras; y el Plan Renova dirigido a las embarcaciones.<\/p>\n<p style=\"text-align: justify;\">Por la tarde, Lorena Tapia retorn\u00f3 en helic\u00f3ptero a Puerto Ayora, para trasladarse a la isla Isabela, para cumplir con otras reuniones de trabajo.<\/p>\n<p style=\"text-align: justify;\"><strong>M\u00e1s noticias<\/strong><\/p>\n<p style=\"text-align: justify;\"><a href=\"http:\/\/www.ambienteyenergia.gob.ec\/ambiente\/ministra-del-ambiente-evalua-labor-de-la-direccion-del-parque-nacional-galapagos-2\/\" target=\"_blank\">&#8211; Ministra del Ambiente eval\u00faa labor de la Direcci\u00f3n del Parque Nacional Gal\u00e1pagos<\/a><\/p>\n","protected":false},"excerpt":{"rendered":"<p class=\"excerpt\">La Ministra del Ambiente, Lorena Tapia, cumpli\u00f3 una agenda de trabajo en Gal\u00e1pagos, la misma que inici\u00f3 el jueves en la ma\u00f1ana, tras su llegada a Puerto Ayora, en la isla Santa Cruz, donde fue recibida por el Director del Parque Nacional Gal\u00e1pagos, Edwin Naula. Tras una reuni\u00f3n de labores con los responsables de las direcciones y otros funcionarios de&hellip; <a href=\"https:\/\/www.ambienteyenergia.gob.ec\/ambiente\/ministra-del-ambiente-evalua-labor-de-la-direccion-del-parque-nacional-galapagos\/\">Read more &rarr;<\/a><\/p>\n","protected":false},"author":13,"featured_media":8357,"comment_status":"open","ping_status":"open","sticky":false,"template":"","format":"standard","meta":{"footnotes":""},"categories":[16,4],"tags":[],"class_list":["post-8354","post","type-post","status-publish","format-standard","has-post-thumbnail","hentry","category-comunicamos","category-noticias","xfolkentry"],"_links":{"self":[{"href":"https:\/\/www.ambienteyenergia.gob.ec\/ambiente\/wp-json\/wp\/v2\/posts\/8354","targetHints":{"allow":["GET"]}}],"collection":[{"href":"https:\/\/www.ambienteyenergia.gob.ec\/ambiente\/wp-json\/wp\/v2\/posts"}],"about":[{"href":"https:\/\/www.ambienteyenergia.gob.ec\/ambiente\/wp-json\/wp\/v2\/types\/post"}],"author":[{"embeddable":true,"href":"https:\/\/www.ambienteyenergia.gob.ec\/ambiente\/wp-json\/wp\/v2\/users\/13"}],"replies":[{"embeddable":true,"href":"https:\/\/www.ambienteyenergia.gob.ec\/ambiente\/wp-json\/wp\/v2\/comments?post=8354"}],"version-history":[{"count":0,"href":"https:\/\/www.ambienteyenergia.gob.ec\/ambiente\/wp-json\/wp\/v2\/posts\/8354\/revisions"}],"wp:featuredmedia":[{"embeddable":true,"href":"https:\/\/www.ambienteyenergia.gob.ec\/ambiente\/wp-json\/wp\/v2\/media\/8357"}],"wp:attachment":[{"href":"https:\/\/www.ambienteyenergia.gob.ec\/ambiente\/wp-json\/wp\/v2\/media?parent=8354"}],"wp:term":[{"taxonomy":"category","embeddable":true,"href":"https:\/\/www.ambienteyenergia.gob.ec\/ambiente\/wp-json\/wp\/v2\/categories?post=8354"},{"taxonomy":"post_tag","embeddable":true,"href":"https:\/\/www.ambienteyenergia.gob.ec\/ambiente\/wp-json\/wp\/v2\/tags?post=8354"}],"curies":[{"name":"wp","href":"https:\/\/api.w.org\/{rel}","templated":true}]}}