{"id":8349,"date":"2012-12-28T12:58:19","date_gmt":"2012-12-28T17:58:19","guid":{"rendered":"http:\/\/www.ambiente.gob.ec\/?p=8349"},"modified":"2012-12-28T12:58:19","modified_gmt":"2012-12-28T17:58:19","slug":"oso-perezoso-rescatado-en-fatima-pastaza","status":"publish","type":"post","link":"https:\/\/www.ambienteyenergia.gob.ec\/ambiente\/oso-perezoso-rescatado-en-fatima-pastaza\/","title":{"rendered":"Oso Perezoso rescatado en F\u00e1tima (Pastaza)"},"content":{"rendered":"<p style=\"text-align: left;\">El Ministerio del Ambiente (MAE), a trav\u00e9s de la Direcci\u00f3n Provincial de Pastaza, el pasado jueves, realiz\u00f3 el rescate de un Oso Perezoso adulto de 2 u\u00f1as (nombre cient\u00edfico: choloepus didactylus), en el sector de F\u00e1tima.<\/p>\n<p style=\"text-align: left;\">Una vez realizados los chequeos por parte de los veterinarios, se decidi\u00f3 reinsertarlo a su h\u00e1bitat en el \u201cCentro de Rescate Sacha Yacu\u201c. Estuvieron presentes los t\u00e9cnicos del MAE y la Polic\u00eda Ambiental.<\/p>\n<p style=\"text-align: left;\"><strong>En su h\u00e1bitat<\/strong><\/p>\n<p style=\"text-align: left;\">Los Osos Perezosos est\u00e1n completamente adaptados a la vida arbor\u00edcola; es decir que se desplazan muy lentamente entre las ramas y caminan con dificultad sobre el suelo.<\/p>\n<p style=\"text-align: left;\">En el \u2018Centro de Rescate Sacha Yacu\u2019 la especie tendr\u00e1 bastas hojas, su principal fuente de alimento, a su disposici\u00f3n. Adem\u00e1s contar\u00e1 con insectos que le proporcionar\u00e1n la energ\u00eda y nutrientes suficientes.<\/p>\n<p style=\"text-align: left;\"><strong>Conoce m\u00e1s<\/strong><\/p>\n<p style=\"text-align: left;\">Los perezosos tienen est\u00f3magos de acci\u00f3n lenta, muy grandes y especializados, con m\u00faltiples compartimentos en los que habitan bacterias simbi\u00f3ticas que descomponen las hojas.<\/p>\n<p style=\"text-align: left;\"><strong>La foto<\/strong>:<\/p>\n<p style=\"text-align: left;\"><a href=\"http:\/\/www.ambienteyenergia.gob.ec\/ambiente\/wp-content\/uploads\/2012\/12\/2.png\"><img loading=\"lazy\" decoding=\"async\" class=\"aligncenter size-full wp-image-8351\" title=\"2\" src=\"http:\/\/www.ambienteyenergia.gob.ec\/ambiente\/wp-content\/uploads\/2012\/12\/2.png\" alt=\"\" width=\"968\" height=\"796\" srcset=\"https:\/\/www.ambienteyenergia.gob.ec\/ambiente\/wp-content\/uploads\/sites\/2\/2012\/12\/2.png 968w, https:\/\/www.ambienteyenergia.gob.ec\/ambiente\/wp-content\/uploads\/sites\/2\/2012\/12\/2-300x246.png 300w, https:\/\/www.ambienteyenergia.gob.ec\/ambiente\/wp-content\/uploads\/sites\/2\/2012\/12\/2-364x300.png 364w\" sizes=\"auto, (max-width: 968px) 100vw, 968px\" \/><\/a><\/p>\n","protected":false},"excerpt":{"rendered":"<p class=\"excerpt\">El Ministerio del Ambiente (MAE), a trav\u00e9s de la Direcci\u00f3n Provincial de Pastaza, el pasado jueves, realiz\u00f3 el rescate de un Oso Perezoso adulto de 2 u\u00f1as (nombre cient\u00edfico: choloepus didactylus), en el sector de F\u00e1tima. Una vez realizados los chequeos por parte de los veterinarios, se decidi\u00f3 reinsertarlo a su h\u00e1bitat en el \u201cCentro de Rescate Sacha Yacu\u201c. Estuvieron&hellip; <a href=\"https:\/\/www.ambienteyenergia.gob.ec\/ambiente\/oso-perezoso-rescatado-en-fatima-pastaza\/\">Read more &rarr;<\/a><\/p>\n","protected":false},"author":13,"featured_media":8350,"comment_status":"open","ping_status":"open","sticky":false,"template":"","format":"standard","meta":{"footnotes":""},"categories":[16,4],"tags":[53,191,189,190],"class_list":["post-8349","post","type-post","status-publish","format-standard","has-post-thumbnail","hentry","category-comunicamos","category-noticias","tag-mae","tag-minsterio-del-ambiente","tag-oso","tag-oso-perezoso","xfolkentry"],"_links":{"self":[{"href":"https:\/\/www.ambienteyenergia.gob.ec\/ambiente\/wp-json\/wp\/v2\/posts\/8349","targetHints":{"allow":["GET"]}}],"collection":[{"href":"https:\/\/www.ambienteyenergia.gob.ec\/ambiente\/wp-json\/wp\/v2\/posts"}],"about":[{"href":"https:\/\/www.ambienteyenergia.gob.ec\/ambiente\/wp-json\/wp\/v2\/types\/post"}],"author":[{"embeddable":true,"href":"https:\/\/www.ambienteyenergia.gob.ec\/ambiente\/wp-json\/wp\/v2\/users\/13"}],"replies":[{"embeddable":true,"href":"https:\/\/www.ambienteyenergia.gob.ec\/ambiente\/wp-json\/wp\/v2\/comments?post=8349"}],"version-history":[{"count":0,"href":"https:\/\/www.ambienteyenergia.gob.ec\/ambiente\/wp-json\/wp\/v2\/posts\/8349\/revisions"}],"wp:featuredmedia":[{"embeddable":true,"href":"https:\/\/www.ambienteyenergia.gob.ec\/ambiente\/wp-json\/wp\/v2\/media\/8350"}],"wp:attachment":[{"href":"https:\/\/www.ambienteyenergia.gob.ec\/ambiente\/wp-json\/wp\/v2\/media?parent=8349"}],"wp:term":[{"taxonomy":"category","embeddable":true,"href":"https:\/\/www.ambienteyenergia.gob.ec\/ambiente\/wp-json\/wp\/v2\/categories?post=8349"},{"taxonomy":"post_tag","embeddable":true,"href":"https:\/\/www.ambienteyenergia.gob.ec\/ambiente\/wp-json\/wp\/v2\/tags?post=8349"}],"curies":[{"name":"wp","href":"https:\/\/api.w.org\/{rel}","templated":true}]}}