{"id":8344,"date":"2012-12-27T16:50:32","date_gmt":"2012-12-27T21:50:32","guid":{"rendered":"http:\/\/www.ambiente.gob.ec\/?p=8344"},"modified":"2012-12-27T16:50:32","modified_gmt":"2012-12-27T21:50:32","slug":"ambiente-imbabura-realiza-primer-concurso-de-pesebres-y-materiales-alternativos","status":"publish","type":"post","link":"https:\/\/www.ambienteyenergia.gob.ec\/ambiente\/ambiente-imbabura-realiza-primer-concurso-de-pesebres-y-materiales-alternativos\/","title":{"rendered":"Ambiente Imbabura realiza primer concurso de pesebres y materiales alternativos"},"content":{"rendered":"<p style=\"text-align: left;\">Este 27 de diciembre del presente, en la ciudad de Cotacachi, instalaciones de Jambi Mascari, se llev\u00f3 a cabo el evento de premiaci\u00f3n a los participantes del primer concurso de pesebres y \u00e1rboles navide\u00f1os utilizando materiales alternativos organizado por la Direcci\u00f3n Provincial del Ambiente de Imbabura, evento organizado por la Direcci\u00f3n Provincial Ambiental de Imbabura, con la participaci\u00f3n de las instituciones educativas del cant\u00f3n Cotacachi quienes demostraron especial inter\u00e9s por la conservaci\u00f3n y preservaci\u00f3n de los recursos naturales y demostraron las habilidades y creatividad de los ni\u00f1os quienes usando materiales reciclados (botellas pl\u00e1sticas, papel, cart\u00f3n, vasos entre otros) construyeron verdaderas obras de arte dignas de felicitaci\u00f3n.<\/p>\n<p style=\"text-align: left;\">El primer premio lo obtuvo la Red Educativa Imantag, el segundo la Escuela Modesto Pe\u00f1aherrera, y el tercero la Escuela Seis de Julio, todas las instituciones participantes se mostraron motivadas y se comprometieron a continuar participando en este tipo de eventos que inculcan en la ni\u00f1ez las buenas pr\u00e1cticas ambientales, adem\u00e1s reflejaron que este evento sirvi\u00f3 de uni\u00f3n de los educadores y padres de familia y creatividad de los ni\u00f1os.<\/p>\n<p style=\"text-align: left;\">Se cont\u00f3 con 7.879 participantes de 11 instituciones educativas del cant\u00f3n Cotacachi.<\/p>\n<p style=\"text-align: left;\"><strong>El primer lugar<\/strong><\/p>\n<p style=\"text-align: left;\"><a href=\"http:\/\/www.ambienteyenergia.gob.ec\/ambiente\/wp-content\/uploads\/2012\/12\/y7gb5w46.jpg\"><img loading=\"lazy\" decoding=\"async\" class=\"aligncenter size-full wp-image-8346\" title=\"Primer Lugar\" src=\"http:\/\/www.ambienteyenergia.gob.ec\/ambiente\/wp-content\/uploads\/2012\/12\/y7gb5w46.jpg\" alt=\"\" width=\"650\" height=\"488\" srcset=\"https:\/\/www.ambienteyenergia.gob.ec\/ambiente\/wp-content\/uploads\/sites\/2\/2012\/12\/y7gb5w46.jpg 650w, https:\/\/www.ambienteyenergia.gob.ec\/ambiente\/wp-content\/uploads\/sites\/2\/2012\/12\/y7gb5w46-300x225.jpg 300w, https:\/\/www.ambienteyenergia.gob.ec\/ambiente\/wp-content\/uploads\/sites\/2\/2012\/12\/y7gb5w46-399x300.jpg 399w\" sizes=\"auto, (max-width: 650px) 100vw, 650px\" \/><\/a><\/p>\n<p style=\"text-align: left;\">\n","protected":false},"excerpt":{"rendered":"<p class=\"excerpt\">Este 27 de diciembre del presente, en la ciudad de Cotacachi, instalaciones de Jambi Mascari, se llev\u00f3 a cabo el evento de premiaci\u00f3n a los participantes del primer concurso de pesebres y \u00e1rboles navide\u00f1os utilizando materiales alternativos organizado por la Direcci\u00f3n Provincial del Ambiente de Imbabura, evento organizado por la Direcci\u00f3n Provincial Ambiental de Imbabura, con la participaci\u00f3n de las&hellip; <a href=\"https:\/\/www.ambienteyenergia.gob.ec\/ambiente\/ambiente-imbabura-realiza-primer-concurso-de-pesebres-y-materiales-alternativos\/\">Read more &rarr;<\/a><\/p>\n","protected":false},"author":13,"featured_media":8345,"comment_status":"open","ping_status":"open","sticky":false,"template":"","format":"standard","meta":{"footnotes":""},"categories":[16,4],"tags":[],"class_list":["post-8344","post","type-post","status-publish","format-standard","has-post-thumbnail","hentry","category-comunicamos","category-noticias","xfolkentry"],"_links":{"self":[{"href":"https:\/\/www.ambienteyenergia.gob.ec\/ambiente\/wp-json\/wp\/v2\/posts\/8344","targetHints":{"allow":["GET"]}}],"collection":[{"href":"https:\/\/www.ambienteyenergia.gob.ec\/ambiente\/wp-json\/wp\/v2\/posts"}],"about":[{"href":"https:\/\/www.ambienteyenergia.gob.ec\/ambiente\/wp-json\/wp\/v2\/types\/post"}],"author":[{"embeddable":true,"href":"https:\/\/www.ambienteyenergia.gob.ec\/ambiente\/wp-json\/wp\/v2\/users\/13"}],"replies":[{"embeddable":true,"href":"https:\/\/www.ambienteyenergia.gob.ec\/ambiente\/wp-json\/wp\/v2\/comments?post=8344"}],"version-history":[{"count":0,"href":"https:\/\/www.ambienteyenergia.gob.ec\/ambiente\/wp-json\/wp\/v2\/posts\/8344\/revisions"}],"wp:featuredmedia":[{"embeddable":true,"href":"https:\/\/www.ambienteyenergia.gob.ec\/ambiente\/wp-json\/wp\/v2\/media\/8345"}],"wp:attachment":[{"href":"https:\/\/www.ambienteyenergia.gob.ec\/ambiente\/wp-json\/wp\/v2\/media?parent=8344"}],"wp:term":[{"taxonomy":"category","embeddable":true,"href":"https:\/\/www.ambienteyenergia.gob.ec\/ambiente\/wp-json\/wp\/v2\/categories?post=8344"},{"taxonomy":"post_tag","embeddable":true,"href":"https:\/\/www.ambienteyenergia.gob.ec\/ambiente\/wp-json\/wp\/v2\/tags?post=8344"}],"curies":[{"name":"wp","href":"https:\/\/api.w.org\/{rel}","templated":true}]}}