{"id":8340,"date":"2012-12-27T14:06:45","date_gmt":"2012-12-27T19:06:45","guid":{"rendered":"http:\/\/www.ambiente.gob.ec\/?p=8340"},"modified":"2012-12-27T14:07:26","modified_gmt":"2012-12-27T19:07:26","slug":"ministra-del-ambiente-recorrio-avances-de-obra-en-parque-samanes","status":"publish","type":"post","link":"https:\/\/www.ambienteyenergia.gob.ec\/ambiente\/ministra-del-ambiente-recorrio-avances-de-obra-en-parque-samanes\/","title":{"rendered":"Ministra del Ambiente recorri\u00f3 avances de obra en Parque Samanes"},"content":{"rendered":"<p style=\"text-align: left;\">La Ministra del Ambiente, Lorena Tapia, junto a la Gerente de la Empresa P\u00fablica de Parques Naturales y Espacios P\u00fablicos EP, Silvia del Campo, realizaron un nuevo recorrido de inspecci\u00f3n de avance de obras por Parque Samanes, cuyas primeras obras se entregar\u00e1n en el mes de enero del 2013.<\/p>\n<p style=\"text-align: left;\">Las autoridades pudieron observar los avances en el \u00e1rea de canchas, donde se contin\u00faa con los trabajos de infraestructura.\u00a0 Al momento se est\u00e1 adoquinando la caminera principal, adem\u00e1s de realizar la construcci\u00f3n de los bordillos en las aceras.\u00a0 En la parte de \u00e1reas verdes, se est\u00e1 preparando el terreno, en el cual se est\u00e1 sembrando la flora nativa que embellecer\u00e1 este sector.<\/p>\n<p style=\"text-align: left;\">Paralelamente se est\u00e1 preparando la estructura para construcci\u00f3n de los locales comerciales y de la pileta principal.\u00a0 Las excavaciones para la colocaci\u00f3n de los postes de alumbrado el\u00e9ctrico se esta llevando a cabo, adem\u00e1s de la colocaci\u00f3n del\u00a0 techado y enlucido de las paredes de los ba\u00f1os.<\/p>\n<p style=\"text-align: left;\">Conjuntamente se trabaja en otras \u00e1reas del Parque Samanes, como la construcci\u00f3n de la v\u00eda \u201cPaseo del Parque\u201d, con los trabajos de fundici\u00f3n de las calles y bordillos que comprender\u00e1n la v\u00eda.\u00a0 Este proyecto conectar\u00e1 las avenidas Francisco de Orellana con la Narcisa de Jes\u00fas.<\/p>\n<p style=\"text-align: left;\">Adem\u00e1s de esto, se est\u00e1 ejecutando el relleno de 103,67 hect\u00e1reas que corresponden al sector del muelle y el balneario, ubicados entre la Av. Narcisa de Jes\u00fas y el r\u00edo Daule. Esta fase estar\u00e1 culminada en el 2013.<\/p>\n<p style=\"text-align: left;\">Con este acontecimiento, se cumple el compromiso de proporcionar a los habitantes de Guayaquil, \u00e1reas verdes para la socializaci\u00f3n, recreaci\u00f3n, esparcimiento, cultura y deportes, asegurando un contacto arm\u00f3nico de la ciudad con la naturaleza y su entorno.<\/p>\n","protected":false},"excerpt":{"rendered":"<p class=\"excerpt\">La Ministra del Ambiente, Lorena Tapia, junto a la Gerente de la Empresa P\u00fablica de Parques Naturales y Espacios P\u00fablicos EP, Silvia del Campo, realizaron un nuevo recorrido de inspecci\u00f3n de avance de obras por Parque Samanes, cuyas primeras obras se entregar\u00e1n en el mes de enero del 2013. Las autoridades pudieron observar los avances en el \u00e1rea de canchas,&hellip; <a href=\"https:\/\/www.ambienteyenergia.gob.ec\/ambiente\/ministra-del-ambiente-recorrio-avances-de-obra-en-parque-samanes\/\">Read more &rarr;<\/a><\/p>\n","protected":false},"author":13,"featured_media":8341,"comment_status":"open","ping_status":"open","sticky":false,"template":"","format":"standard","meta":{"footnotes":""},"categories":[16,4],"tags":[48,53,54],"class_list":["post-8340","post","type-post","status-publish","format-standard","has-post-thumbnail","hentry","category-comunicamos","category-noticias","tag-ecuador","tag-mae","tag-ministerio-del-ambiente","xfolkentry"],"_links":{"self":[{"href":"https:\/\/www.ambienteyenergia.gob.ec\/ambiente\/wp-json\/wp\/v2\/posts\/8340","targetHints":{"allow":["GET"]}}],"collection":[{"href":"https:\/\/www.ambienteyenergia.gob.ec\/ambiente\/wp-json\/wp\/v2\/posts"}],"about":[{"href":"https:\/\/www.ambienteyenergia.gob.ec\/ambiente\/wp-json\/wp\/v2\/types\/post"}],"author":[{"embeddable":true,"href":"https:\/\/www.ambienteyenergia.gob.ec\/ambiente\/wp-json\/wp\/v2\/users\/13"}],"replies":[{"embeddable":true,"href":"https:\/\/www.ambienteyenergia.gob.ec\/ambiente\/wp-json\/wp\/v2\/comments?post=8340"}],"version-history":[{"count":0,"href":"https:\/\/www.ambienteyenergia.gob.ec\/ambiente\/wp-json\/wp\/v2\/posts\/8340\/revisions"}],"wp:featuredmedia":[{"embeddable":true,"href":"https:\/\/www.ambienteyenergia.gob.ec\/ambiente\/wp-json\/wp\/v2\/media\/8341"}],"wp:attachment":[{"href":"https:\/\/www.ambienteyenergia.gob.ec\/ambiente\/wp-json\/wp\/v2\/media?parent=8340"}],"wp:term":[{"taxonomy":"category","embeddable":true,"href":"https:\/\/www.ambienteyenergia.gob.ec\/ambiente\/wp-json\/wp\/v2\/categories?post=8340"},{"taxonomy":"post_tag","embeddable":true,"href":"https:\/\/www.ambienteyenergia.gob.ec\/ambiente\/wp-json\/wp\/v2\/tags?post=8340"}],"curies":[{"name":"wp","href":"https:\/\/api.w.org\/{rel}","templated":true}]}}