{"id":8296,"date":"2012-12-22T14:50:18","date_gmt":"2012-12-22T19:50:18","guid":{"rendered":"http:\/\/www.ambiente.gob.ec\/?p=8296"},"modified":"2012-12-22T15:36:35","modified_gmt":"2012-12-22T20:36:35","slug":"mae-realizo-agasajo-navideno-para-comunidad-de-playita-del-guasmo-e-isla-santay","status":"publish","type":"post","link":"https:\/\/www.ambienteyenergia.gob.ec\/ambiente\/mae-realizo-agasajo-navideno-para-comunidad-de-playita-del-guasmo-e-isla-santay\/","title":{"rendered":"MAE realiz\u00f3 agasajo navide\u00f1o para comunidad de Playita del Guasmo e Isla Santay"},"content":{"rendered":"<p style=\"text-align: left;\">Pedro Jos\u00e9 Romero, un peque\u00f1o betunero de 9 a\u00f1os, fue uno de los m\u00e1s alegres y rebozantes al conocer a la Ministra del Ambiente (MAE), Lorena Tapia, y participar de la fiesta navide\u00f1a que brind\u00f3 esta cartera de estado en Guayaquil.<\/p>\n<p>Esto ocurri\u00f3 en el agasajo navide\u00f1o que organiz\u00f3, la ma\u00f1ana y tarde de hoy (s\u00e1bado), el MAE a un centenar de ni\u00f1os que, al igual que Pedro Jos\u00e9, se benefician de los campos de acci\u00f3n liderados por la m\u00e1xima autoridad ambiental.<\/p>\n<p>La jornada empez\u00f3 en la Playita del Guasmo con un sencillo acto que hizo re\u00edr a los grandes y chicos que se dieron cita en el sector, el mismo que estuvo resguardado por elementos de la Polic\u00eda Nacional.<\/p>\n<p>El acto inici\u00f3 con palabras de bienvenida de Lorena Tapia, la funcionaria se\u00f1al\u00f3 que la navidad debe ser un tiempo de reflexi\u00f3n para mejorar en las acciones del d\u00eda a d\u00eda.<\/p>\n<p>\u00abLes deseo a todas las familias que pasen unas felices fiestas de Navidad y que el pr\u00f3ximo a\u00f1o sea de triunfo para todos los ecuatorianos\u00bb, mencion\u00f3 Tapia.<\/p>\n<p>Los ni\u00f1os recibieron regalos de manos de la Ministra quien comparti\u00f3 con ellos y estuvo al pendiente de que pasen una ma\u00f1ana inolvidable. Asimismo, entreg\u00f3 una serie de presentes a Geovanny Chal\u00e9n, presidente de la Asociaci\u00f3n de Cangrejeros R\u00edos de Aguas Vivas.<\/p>\n<p>Alrededor de las 12:00, la Ministra del Ambiente hizo su arribo a Isla Santay y con una c\u00e1lida sonrisa salud\u00f3 a los ni\u00f1os y padres de familia de la comunidad.<\/p>\n<p>La cita tambi\u00e9n se desarroll\u00f3 con la presencia de funcionarios del MAE e invitados como la ExMinistra Marcela Agui\u00f1aga.<\/p>\n<p>\u00abMediante estos programas, lo que pretendemos es la inclusi\u00f3n del n\u00facleo familiar con el medio ambiente. El objetivo es que cada familia est\u00e9 pendiente del crecimiento de su comunidad y de sus recursos naturales\u00bb, dijo Tapia antes de entregar juguetes a los menores y canastas navide\u00f1as a los jefes de familia.<\/p>\n<p>Los dulces, caramelos, y sorpresas se confund\u00edan entre las risas y risas de los infantes que no pararon de jugar y disfrutar.<\/p>\n<p><strong>La foto:<\/strong><\/p>\n<div id='gallery-1' class='gallery galleryid-8296 gallery-columns-3 gallery-size-thumbnail'><dl class='gallery-item'>\n\t\t\t<dt class='gallery-icon landscape'>\n\t\t\t\t<a href='https:\/\/www.ambienteyenergia.gob.ec\/ambiente\/mae-realizo-agasajo-navideno-para-comunidad-de-playita-del-guasmo-e-isla-santay\/_mg_1999\/'><img loading=\"lazy\" decoding=\"async\" width=\"150\" height=\"150\" src=\"https:\/\/www.ambienteyenergia.gob.ec\/ambiente\/wp-content\/uploads\/sites\/2\/2012\/12\/MG_1999-150x150.jpg\" class=\"attachment-thumbnail size-thumbnail\" alt=\"\" \/><\/a>\n\t\t\t<\/dt><\/dl><dl class='gallery-item'>\n\t\t\t<dt class='gallery-icon landscape'>\n\t\t\t\t<a href='https:\/\/www.ambienteyenergia.gob.ec\/ambiente\/mae-realizo-agasajo-navideno-para-comunidad-de-playita-del-guasmo-e-isla-santay\/_mg_2072\/'><img loading=\"lazy\" decoding=\"async\" width=\"150\" height=\"150\" src=\"https:\/\/www.ambienteyenergia.gob.ec\/ambiente\/wp-content\/uploads\/sites\/2\/2012\/12\/MG_2072-150x150.jpg\" class=\"attachment-thumbnail size-thumbnail\" alt=\"\" \/><\/a>\n\t\t\t<\/dt><\/dl><dl class='gallery-item'>\n\t\t\t<dt class='gallery-icon landscape'>\n\t\t\t\t<a href='https:\/\/www.ambienteyenergia.gob.ec\/ambiente\/mae-realizo-agasajo-navideno-para-comunidad-de-playita-del-guasmo-e-isla-santay\/_mg_2123\/'><img loading=\"lazy\" decoding=\"async\" width=\"150\" height=\"150\" src=\"https:\/\/www.ambienteyenergia.gob.ec\/ambiente\/wp-content\/uploads\/sites\/2\/2012\/12\/MG_2123-150x150.jpg\" class=\"attachment-thumbnail size-thumbnail\" alt=\"\" \/><\/a>\n\t\t\t<\/dt><\/dl><br style=\"clear: both\" \/><dl class='gallery-item'>\n\t\t\t<dt class='gallery-icon landscape'>\n\t\t\t\t<a href='https:\/\/www.ambienteyenergia.gob.ec\/ambiente\/mae-realizo-agasajo-navideno-para-comunidad-de-playita-del-guasmo-e-isla-santay\/_mg_2144\/'><img loading=\"lazy\" decoding=\"async\" width=\"150\" height=\"150\" src=\"https:\/\/www.ambienteyenergia.gob.ec\/ambiente\/wp-content\/uploads\/sites\/2\/2012\/12\/MG_2144-150x150.jpg\" class=\"attachment-thumbnail size-thumbnail\" alt=\"\" \/><\/a>\n\t\t\t<\/dt><\/dl>\n\t\t\t<br style='clear: both' \/>\n\t\t<\/div>\n\n<p>&nbsp;<\/p>\n","protected":false},"excerpt":{"rendered":"<p class=\"excerpt\">Pedro Jos\u00e9 Romero, un peque\u00f1o betunero de 9 a\u00f1os, fue uno de los m\u00e1s alegres y rebozantes al conocer a la Ministra del Ambiente (MAE), Lorena Tapia, y participar de la fiesta navide\u00f1a que brind\u00f3 esta cartera de estado en Guayaquil. Esto ocurri\u00f3 en el agasajo navide\u00f1o que organiz\u00f3, la ma\u00f1ana y tarde de hoy (s\u00e1bado), el MAE a un&hellip; <a href=\"https:\/\/www.ambienteyenergia.gob.ec\/ambiente\/mae-realizo-agasajo-navideno-para-comunidad-de-playita-del-guasmo-e-isla-santay\/\">Read more &rarr;<\/a><\/p>\n","protected":false},"author":13,"featured_media":0,"comment_status":"open","ping_status":"open","sticky":false,"template":"","format":"standard","meta":{"footnotes":""},"categories":[16,4],"tags":[],"class_list":["post-8296","post","type-post","status-publish","format-standard","hentry","category-comunicamos","category-noticias","xfolkentry"],"_links":{"self":[{"href":"https:\/\/www.ambienteyenergia.gob.ec\/ambiente\/wp-json\/wp\/v2\/posts\/8296","targetHints":{"allow":["GET"]}}],"collection":[{"href":"https:\/\/www.ambienteyenergia.gob.ec\/ambiente\/wp-json\/wp\/v2\/posts"}],"about":[{"href":"https:\/\/www.ambienteyenergia.gob.ec\/ambiente\/wp-json\/wp\/v2\/types\/post"}],"author":[{"embeddable":true,"href":"https:\/\/www.ambienteyenergia.gob.ec\/ambiente\/wp-json\/wp\/v2\/users\/13"}],"replies":[{"embeddable":true,"href":"https:\/\/www.ambienteyenergia.gob.ec\/ambiente\/wp-json\/wp\/v2\/comments?post=8296"}],"version-history":[{"count":0,"href":"https:\/\/www.ambienteyenergia.gob.ec\/ambiente\/wp-json\/wp\/v2\/posts\/8296\/revisions"}],"wp:attachment":[{"href":"https:\/\/www.ambienteyenergia.gob.ec\/ambiente\/wp-json\/wp\/v2\/media?parent=8296"}],"wp:term":[{"taxonomy":"category","embeddable":true,"href":"https:\/\/www.ambienteyenergia.gob.ec\/ambiente\/wp-json\/wp\/v2\/categories?post=8296"},{"taxonomy":"post_tag","embeddable":true,"href":"https:\/\/www.ambienteyenergia.gob.ec\/ambiente\/wp-json\/wp\/v2\/tags?post=8296"}],"curies":[{"name":"wp","href":"https:\/\/api.w.org\/{rel}","templated":true}]}}