{"id":8291,"date":"2012-12-22T14:46:24","date_gmt":"2012-12-22T19:46:24","guid":{"rendered":"http:\/\/www.ambiente.gob.ec\/?p=8291"},"modified":"2012-12-22T14:49:39","modified_gmt":"2012-12-22T19:49:39","slug":"mae-informa-sobre-deceso-de-turista-en-cotopaxi","status":"publish","type":"post","link":"https:\/\/www.ambienteyenergia.gob.ec\/ambiente\/mae-informa-sobre-deceso-de-turista-en-cotopaxi\/","title":{"rendered":"Turista fallece de paro cardiaco en volc\u00e1n Cotopaxi"},"content":{"rendered":"<p style=\"text-align: left;\">Hoy 22 de diciembre del presente a\u00f1o, aproximadamente a las 5h00, un turista estadounidense de nombre DOUGLAS KIRBY, fallece en el volc\u00e1n Cotopaxi presumiblemente de un infarto, el turista contaba con la compa\u00f1\u00eda de dos gu\u00edas especializados en alta monta\u00f1a de la operadora de turismo GULLIVER (Hoster\u00eda Papagayo) seg\u00fan los registros de ingreso del Parque Nacional Cotopaxi.<\/p>\n<p style=\"text-align: left;\">Seg\u00fan versiones de los gu\u00edas el turista ten\u00eda como objetivo ascender a la cumbre del volc\u00e1n por lo que contrat\u00f3 sus servicios; comentaron tambi\u00e9n que el turista aproximadamente a las 5 am mientras ascend\u00edan, les inform\u00f3 que se sent\u00eda mal y que sufr\u00eda de un fuerte dolor en el brazo, por seguridad los gu\u00edas empezaron el descenso donde lamentablemente perdi\u00f3 la vida desplom\u00e1ndose, presuntamente a causa de un paro cardio-respiratorio.<\/p>\n<p style=\"text-align: left;\">Aproximadamente a las 6:45 am el cad\u00e1ver fue trasladado al refugio Jos\u00e9 Rivas donde el equipo de Guardaparques del Ministerio del Ambiente inform\u00f3 sobre el percance fatal, y se realizo todas las acciones legales y log\u00edsticas para brindar ayuda en este lamentable suceso.<\/p>\n","protected":false},"excerpt":{"rendered":"<p class=\"excerpt\">Hoy 22 de diciembre del presente a\u00f1o, aproximadamente a las 5h00, un turista estadounidense de nombre DOUGLAS KIRBY, fallece en el volc\u00e1n Cotopaxi presumiblemente de un infarto, el turista contaba con la compa\u00f1\u00eda de dos gu\u00edas especializados en alta monta\u00f1a de la operadora de turismo GULLIVER (Hoster\u00eda Papagayo) seg\u00fan los registros de ingreso del Parque Nacional Cotopaxi. Seg\u00fan versiones de&hellip; <a href=\"https:\/\/www.ambienteyenergia.gob.ec\/ambiente\/mae-informa-sobre-deceso-de-turista-en-cotopaxi\/\">Read more &rarr;<\/a><\/p>\n","protected":false},"author":13,"featured_media":8292,"comment_status":"open","ping_status":"open","sticky":false,"template":"","format":"standard","meta":{"footnotes":""},"categories":[16,4],"tags":[187,48,53],"class_list":["post-8291","post","type-post","status-publish","format-standard","has-post-thumbnail","hentry","category-comunicamos","category-noticias","tag-cotopaxi","tag-ecuador","tag-mae","xfolkentry"],"_links":{"self":[{"href":"https:\/\/www.ambienteyenergia.gob.ec\/ambiente\/wp-json\/wp\/v2\/posts\/8291","targetHints":{"allow":["GET"]}}],"collection":[{"href":"https:\/\/www.ambienteyenergia.gob.ec\/ambiente\/wp-json\/wp\/v2\/posts"}],"about":[{"href":"https:\/\/www.ambienteyenergia.gob.ec\/ambiente\/wp-json\/wp\/v2\/types\/post"}],"author":[{"embeddable":true,"href":"https:\/\/www.ambienteyenergia.gob.ec\/ambiente\/wp-json\/wp\/v2\/users\/13"}],"replies":[{"embeddable":true,"href":"https:\/\/www.ambienteyenergia.gob.ec\/ambiente\/wp-json\/wp\/v2\/comments?post=8291"}],"version-history":[{"count":0,"href":"https:\/\/www.ambienteyenergia.gob.ec\/ambiente\/wp-json\/wp\/v2\/posts\/8291\/revisions"}],"wp:featuredmedia":[{"embeddable":true,"href":"https:\/\/www.ambienteyenergia.gob.ec\/ambiente\/wp-json\/wp\/v2\/media\/8292"}],"wp:attachment":[{"href":"https:\/\/www.ambienteyenergia.gob.ec\/ambiente\/wp-json\/wp\/v2\/media?parent=8291"}],"wp:term":[{"taxonomy":"category","embeddable":true,"href":"https:\/\/www.ambienteyenergia.gob.ec\/ambiente\/wp-json\/wp\/v2\/categories?post=8291"},{"taxonomy":"post_tag","embeddable":true,"href":"https:\/\/www.ambienteyenergia.gob.ec\/ambiente\/wp-json\/wp\/v2\/tags?post=8291"}],"curies":[{"name":"wp","href":"https:\/\/api.w.org\/{rel}","templated":true}]}}