{"id":8286,"date":"2012-12-21T11:45:31","date_gmt":"2012-12-21T16:45:31","guid":{"rendered":"http:\/\/www.ambiente.gob.ec\/?p=8286"},"modified":"2012-12-21T11:45:31","modified_gmt":"2012-12-21T16:45:31","slug":"reforestacion-llega-a-la-puntilla-de-santa-elena","status":"publish","type":"post","link":"https:\/\/www.ambienteyenergia.gob.ec\/ambiente\/reforestacion-llega-a-la-puntilla-de-santa-elena\/","title":{"rendered":"Reforestaci\u00f3n llega a la puntilla de Santa Elena"},"content":{"rendered":"<p>El Ministerio de Ambiente (MAE) a trav\u00e9s de la Direcci\u00f3n Provincial de Ambiente de Santa Elena y Subsecretar\u00eda de Gesti\u00f3n Marina y Costera realiz\u00f3 la forestaci\u00f3n de 7 hect\u00e1reas de la Reserva de Producci\u00f3n Faun\u00edstica Marino Costera Puntilla de Santa Elena (Remacopse), cercanas a Punta Carnero, con 5.000 plantas de mangle rojo.<\/p>\n<p>El objetivo de la forestaci\u00f3n en este sector es apreciar la colonizaci\u00f3n natural de esta especie de mangle en un espacio carente de la protecci\u00f3n que ofrece esta planta acu\u00e1tica, importante humedal del ecosistema marino.<\/p>\n<p>En esta actividad particip\u00f3 personal t\u00e9cnico del MAE, conscriptos del Ej\u00e9rcito del Ecuador, acantonados en la Base Militar de Salinas, y j\u00f3venes participantes del Servicio Civil Ciudadano.<\/p>\n<p>La jornada se realiz\u00f3 el 14 de diciembre, desde las 09:30, con la inducci\u00f3n de los participantes, quienes deb\u00edan abrir hoyos e introducir la pl\u00e1ntula para su pegue y posterior crecimiento en el terreno.<\/p>\n<p><strong>La foto<\/strong>:<\/p>\n<p><a href=\"http:\/\/www.ambienteyenergia.gob.ec\/ambiente\/wp-content\/uploads\/2012\/12\/iu91jbxq.jpg\"><img loading=\"lazy\" decoding=\"async\" class=\"aligncenter size-full wp-image-8288\" title=\"\" src=\"http:\/\/www.ambienteyenergia.gob.ec\/ambiente\/wp-content\/uploads\/2012\/12\/iu91jbxq.jpg\" alt=\"\" width=\"650\" height=\"355\" srcset=\"https:\/\/www.ambienteyenergia.gob.ec\/ambiente\/wp-content\/uploads\/sites\/2\/2012\/12\/iu91jbxq.jpg 650w, https:\/\/www.ambienteyenergia.gob.ec\/ambiente\/wp-content\/uploads\/sites\/2\/2012\/12\/iu91jbxq-300x163.jpg 300w, https:\/\/www.ambienteyenergia.gob.ec\/ambiente\/wp-content\/uploads\/sites\/2\/2012\/12\/iu91jbxq-500x273.jpg 500w\" sizes=\"auto, (max-width: 650px) 100vw, 650px\" \/><\/a><\/p>\n<p>&nbsp;<\/p>\n","protected":false},"excerpt":{"rendered":"<p class=\"excerpt\">El Ministerio de Ambiente (MAE) a trav\u00e9s de la Direcci\u00f3n Provincial de Ambiente de Santa Elena y Subsecretar\u00eda de Gesti\u00f3n Marina y Costera realiz\u00f3 la forestaci\u00f3n de 7 hect\u00e1reas de la Reserva de Producci\u00f3n Faun\u00edstica Marino Costera Puntilla de Santa Elena (Remacopse), cercanas a Punta Carnero, con 5.000 plantas de mangle rojo. El objetivo de la forestaci\u00f3n en este sector&hellip; <a href=\"https:\/\/www.ambienteyenergia.gob.ec\/ambiente\/reforestacion-llega-a-la-puntilla-de-santa-elena\/\">Read more &rarr;<\/a><\/p>\n","protected":false},"author":13,"featured_media":8287,"comment_status":"open","ping_status":"open","sticky":false,"template":"","format":"standard","meta":{"footnotes":""},"categories":[16,4],"tags":[48,53,54,49,186],"class_list":["post-8286","post","type-post","status-publish","format-standard","has-post-thumbnail","hentry","category-comunicamos","category-noticias","tag-ecuador","tag-mae","tag-ministerio-del-ambiente","tag-quito","tag-santa-elena","xfolkentry"],"_links":{"self":[{"href":"https:\/\/www.ambienteyenergia.gob.ec\/ambiente\/wp-json\/wp\/v2\/posts\/8286","targetHints":{"allow":["GET"]}}],"collection":[{"href":"https:\/\/www.ambienteyenergia.gob.ec\/ambiente\/wp-json\/wp\/v2\/posts"}],"about":[{"href":"https:\/\/www.ambienteyenergia.gob.ec\/ambiente\/wp-json\/wp\/v2\/types\/post"}],"author":[{"embeddable":true,"href":"https:\/\/www.ambienteyenergia.gob.ec\/ambiente\/wp-json\/wp\/v2\/users\/13"}],"replies":[{"embeddable":true,"href":"https:\/\/www.ambienteyenergia.gob.ec\/ambiente\/wp-json\/wp\/v2\/comments?post=8286"}],"version-history":[{"count":0,"href":"https:\/\/www.ambienteyenergia.gob.ec\/ambiente\/wp-json\/wp\/v2\/posts\/8286\/revisions"}],"wp:featuredmedia":[{"embeddable":true,"href":"https:\/\/www.ambienteyenergia.gob.ec\/ambiente\/wp-json\/wp\/v2\/media\/8287"}],"wp:attachment":[{"href":"https:\/\/www.ambienteyenergia.gob.ec\/ambiente\/wp-json\/wp\/v2\/media?parent=8286"}],"wp:term":[{"taxonomy":"category","embeddable":true,"href":"https:\/\/www.ambienteyenergia.gob.ec\/ambiente\/wp-json\/wp\/v2\/categories?post=8286"},{"taxonomy":"post_tag","embeddable":true,"href":"https:\/\/www.ambienteyenergia.gob.ec\/ambiente\/wp-json\/wp\/v2\/tags?post=8286"}],"curies":[{"name":"wp","href":"https:\/\/api.w.org\/{rel}","templated":true}]}}