{"id":8278,"date":"2012-12-21T11:20:11","date_gmt":"2012-12-21T16:20:11","guid":{"rendered":"http:\/\/www.ambiente.gob.ec\/?p=8278"},"modified":"2012-12-21T11:20:11","modified_gmt":"2012-12-21T16:20:11","slug":"mae-decomiso-150-libras-de-carne-silvestre-via-loreto-napo","status":"publish","type":"post","link":"https:\/\/www.ambienteyenergia.gob.ec\/ambiente\/mae-decomiso-150-libras-de-carne-silvestre-via-loreto-napo\/","title":{"rendered":"MAE decomis\u00f3 150 libras de carne silvestre v\u00eda Loreto (Napo)"},"content":{"rendered":"<p style=\"text-align: left;\">Personal del Ministerio del Ambiente (MAE), conjuntamente con representantes de la Polic\u00eda Nacional decomisaron hoy (viernes) en el kil\u00f3metro 24 v\u00eda Loreto, ubicado entra la provincia de Napo y Orellana, 150 libras de carne silvestre de guanta, mono, sa\u00ednos y paujil.<\/p>\n<p>El operativo inici\u00f3 tras una denuncia telef\u00f3nica a la Polic\u00eda cuando uniformados se encontraban registrando documentos a veh\u00edculos y conductores. Seg\u00fan informe del Director Provincial del MAE en Napo, Guillermo Loza Lescano, t\u00e9cnicos de la Direcci\u00f3n de Patrimonio acudieron al lugar y encontraron en un taxi el cargamento ilegal.<\/p>\n<p>\u00abMAE verific\u00f3 que los ciudadanos implicados trasladaban carne animal silvestre de manera il\u00edcita. Estos operativos aportan para que la distribuci\u00f3n cese y no exista m\u00e1s comercializaci\u00f3n del producto\u00bb, dijo Loza.<\/p>\n<p>La comercializaci\u00f3n ilegal de este tipo de carne est\u00e1 tipificada en el art\u00edculo 78 de la Ley Forestal, por lo que MAE llama a la reflexi\u00f3n para que no se permita la comercializaci\u00f3n de carnes de animales silvestre, debido a que hay el peligro de que la fauna de este sector desaparezca.<\/p>\n","protected":false},"excerpt":{"rendered":"<p class=\"excerpt\">Personal del Ministerio del Ambiente (MAE), conjuntamente con representantes de la Polic\u00eda Nacional decomisaron hoy (viernes) en el kil\u00f3metro 24 v\u00eda Loreto, ubicado entra la provincia de Napo y Orellana, 150 libras de carne silvestre de guanta, mono, sa\u00ednos y paujil. El operativo inici\u00f3 tras una denuncia telef\u00f3nica a la Polic\u00eda cuando uniformados se encontraban registrando documentos a veh\u00edculos y&hellip; <a href=\"https:\/\/www.ambienteyenergia.gob.ec\/ambiente\/mae-decomiso-150-libras-de-carne-silvestre-via-loreto-napo\/\">Read more &rarr;<\/a><\/p>\n","protected":false},"author":13,"featured_media":8279,"comment_status":"open","ping_status":"open","sticky":false,"template":"","format":"standard","meta":{"footnotes":""},"categories":[16,4],"tags":[183,184,70,182],"class_list":["post-8278","post","type-post","status-publish","format-standard","has-post-thumbnail","hentry","category-comunicamos","category-noticias","tag-carne-animal","tag-carne-silvestre","tag-napo","tag-orellana","xfolkentry"],"_links":{"self":[{"href":"https:\/\/www.ambienteyenergia.gob.ec\/ambiente\/wp-json\/wp\/v2\/posts\/8278","targetHints":{"allow":["GET"]}}],"collection":[{"href":"https:\/\/www.ambienteyenergia.gob.ec\/ambiente\/wp-json\/wp\/v2\/posts"}],"about":[{"href":"https:\/\/www.ambienteyenergia.gob.ec\/ambiente\/wp-json\/wp\/v2\/types\/post"}],"author":[{"embeddable":true,"href":"https:\/\/www.ambienteyenergia.gob.ec\/ambiente\/wp-json\/wp\/v2\/users\/13"}],"replies":[{"embeddable":true,"href":"https:\/\/www.ambienteyenergia.gob.ec\/ambiente\/wp-json\/wp\/v2\/comments?post=8278"}],"version-history":[{"count":0,"href":"https:\/\/www.ambienteyenergia.gob.ec\/ambiente\/wp-json\/wp\/v2\/posts\/8278\/revisions"}],"wp:featuredmedia":[{"embeddable":true,"href":"https:\/\/www.ambienteyenergia.gob.ec\/ambiente\/wp-json\/wp\/v2\/media\/8279"}],"wp:attachment":[{"href":"https:\/\/www.ambienteyenergia.gob.ec\/ambiente\/wp-json\/wp\/v2\/media?parent=8278"}],"wp:term":[{"taxonomy":"category","embeddable":true,"href":"https:\/\/www.ambienteyenergia.gob.ec\/ambiente\/wp-json\/wp\/v2\/categories?post=8278"},{"taxonomy":"post_tag","embeddable":true,"href":"https:\/\/www.ambienteyenergia.gob.ec\/ambiente\/wp-json\/wp\/v2\/tags?post=8278"}],"curies":[{"name":"wp","href":"https:\/\/api.w.org\/{rel}","templated":true}]}}