{"id":8264,"date":"2012-12-20T11:28:16","date_gmt":"2012-12-20T16:28:16","guid":{"rendered":"http:\/\/www.ambiente.gob.ec\/?p=8264"},"modified":"2012-12-20T11:28:16","modified_gmt":"2012-12-20T16:28:16","slug":"mae-movilizo-recursos-y-personal-por-incendio-en-bosque-protector-cerro-azul","status":"publish","type":"post","link":"https:\/\/www.ambienteyenergia.gob.ec\/ambiente\/mae-movilizo-recursos-y-personal-por-incendio-en-bosque-protector-cerro-azul\/","title":{"rendered":"MAE moviliz\u00f3 recursos y personal por incendio en Bosque Protector Cerro Azul"},"content":{"rendered":"<p>Las llamas en Cerro azul volvieron a encenderse la tarde de ayer, a\u00fan por causas desconocidas aunque se presume que ello se debi\u00f3 a las altas temperaturas que soporta en estos d\u00edas la ciudad y causan el avivamiento del fuego subterr\u00e1neo o carbones encendidos que pudo haber en la zona.<\/p>\n<p>A causa del flagelo que comenz\u00f3 ayer, cerca de las 19:00, guardaparques de la Reserva de Producci\u00f3n Faun\u00edstica Manglares El Salado del Ministerio del Ambiente, extendieron sus controles hasta el Bosque Protector Cerro Azul, para controlar m\u00e1s da\u00f1os en la vegetaci\u00f3n, percat\u00e1ndose, pasadas las 15:00, que las llamas nuevamente se hab\u00edan encendido.<\/p>\n<p>Las acciones conjuntas del Benem\u00e9rito Cuerpo de Bomberos de Guayaquil (BCBG), bomberos forestales de la Escuela Superior Polit\u00e9cnica (Espol) y guardaparques, al igual que ayer, han logrado controlar el flagelo.<\/p>\n<p>Este equipo de altruistas a\u00fan sigue en trabajando en la zona, hasta apagar totalmente las llamas y evitar que la vegetaci\u00f3n siga siendo consumida por el fuego.<\/p>\n","protected":false},"excerpt":{"rendered":"<p class=\"excerpt\">Las llamas en Cerro azul volvieron a encenderse la tarde de ayer, a\u00fan por causas desconocidas aunque se presume que ello se debi\u00f3 a las altas temperaturas que soporta en estos d\u00edas la ciudad y causan el avivamiento del fuego subterr\u00e1neo o carbones encendidos que pudo haber en la zona. A causa del flagelo que comenz\u00f3 ayer, cerca de las&hellip; <a href=\"https:\/\/www.ambienteyenergia.gob.ec\/ambiente\/mae-movilizo-recursos-y-personal-por-incendio-en-bosque-protector-cerro-azul\/\">Read more &rarr;<\/a><\/p>\n","protected":false},"author":13,"featured_media":8265,"comment_status":"open","ping_status":"open","sticky":false,"template":"","format":"standard","meta":{"footnotes":""},"categories":[16,4],"tags":[181,48,53,161],"class_list":["post-8264","post","type-post","status-publish","format-standard","has-post-thumbnail","hentry","category-comunicamos","category-noticias","tag-cerro-azul","tag-ecuador","tag-mae","tag-minsiterio-del-ambiente","xfolkentry"],"_links":{"self":[{"href":"https:\/\/www.ambienteyenergia.gob.ec\/ambiente\/wp-json\/wp\/v2\/posts\/8264","targetHints":{"allow":["GET"]}}],"collection":[{"href":"https:\/\/www.ambienteyenergia.gob.ec\/ambiente\/wp-json\/wp\/v2\/posts"}],"about":[{"href":"https:\/\/www.ambienteyenergia.gob.ec\/ambiente\/wp-json\/wp\/v2\/types\/post"}],"author":[{"embeddable":true,"href":"https:\/\/www.ambienteyenergia.gob.ec\/ambiente\/wp-json\/wp\/v2\/users\/13"}],"replies":[{"embeddable":true,"href":"https:\/\/www.ambienteyenergia.gob.ec\/ambiente\/wp-json\/wp\/v2\/comments?post=8264"}],"version-history":[{"count":0,"href":"https:\/\/www.ambienteyenergia.gob.ec\/ambiente\/wp-json\/wp\/v2\/posts\/8264\/revisions"}],"wp:featuredmedia":[{"embeddable":true,"href":"https:\/\/www.ambienteyenergia.gob.ec\/ambiente\/wp-json\/wp\/v2\/media\/8265"}],"wp:attachment":[{"href":"https:\/\/www.ambienteyenergia.gob.ec\/ambiente\/wp-json\/wp\/v2\/media?parent=8264"}],"wp:term":[{"taxonomy":"category","embeddable":true,"href":"https:\/\/www.ambienteyenergia.gob.ec\/ambiente\/wp-json\/wp\/v2\/categories?post=8264"},{"taxonomy":"post_tag","embeddable":true,"href":"https:\/\/www.ambienteyenergia.gob.ec\/ambiente\/wp-json\/wp\/v2\/tags?post=8264"}],"curies":[{"name":"wp","href":"https:\/\/api.w.org\/{rel}","templated":true}]}}