{"id":8256,"date":"2012-12-19T16:36:33","date_gmt":"2012-12-19T21:36:33","guid":{"rendered":"http:\/\/www.ambiente.gob.ec\/?p=8256"},"modified":"2012-12-20T15:02:31","modified_gmt":"2012-12-20T20:02:31","slug":"en-esta-navidad-dale-un-regalo-al-planeta-consumamos-lo-que-en-verdad-se-necesita","status":"publish","type":"post","link":"https:\/\/www.ambienteyenergia.gob.ec\/ambiente\/en-esta-navidad-dale-un-regalo-al-planeta-consumamos-lo-que-en-verdad-se-necesita\/","title":{"rendered":"En esta Navidad, dale un regalo al planeta \/ Consumamos lo que en verdad se necesita"},"content":{"rendered":"<p style=\"text-align: left;\"><em>Las fechas navide\u00f1as son uno de los momentos del a\u00f1o m\u00e1s intensos en la generaci\u00f3n de residuos.<\/em><\/p>\n<p>Estas fechas no tienen por qu\u00e9 ser sin\u00f3nimo de despilfarro. Los ciudadanos pueden ser ecol\u00f3gicos durante sus compras, con los adornos navide\u00f1os, al asumir las 4 &#8216;R&#8217; ecol\u00f3gicas\u00a0 (Reducir, Reutilizar, Reciclar y Rechazar), al ahorrar energ\u00eda o utilizando bolsas en vez de fundas pl\u00e1sticas.<\/p>\n<p>De esta manera, con nuestra forma de consumir podemos influir en la marcha de la ecolog\u00eda y del mundo en una forma directa. Un consumo consciente y responsable, orientado al fomento de actividades satisfactorias para el planeta y las personas es una gran contribuci\u00f3n y un decisivo instrumento de presi\u00f3n frente al mercado.<\/p>\n<p>No olvides que trabajar por el ambiente, es tener un pa\u00eds m\u00e1s sano, limpio y sensato con sus desechos.<\/p>\n<p><strong>Se creativo<\/strong><\/p>\n<p>Sorprende\u00a0 a todos creando\u00a0 regalos con productos desechados y sigue esta serie de sencillos consejos para lograr que esta Navidad sea la primera de una larga lista de fiestas m\u00e1s ecol\u00f3gicas, m\u00e1s felices\u00a0 y por qu\u00e9 no, m\u00e1s baratas, en las que no haya que matar pinos sin sentido, despilfarrar dinero en luces o talar miles de \u00e1rboles para hacer papel de regalo.<\/p>\n<p><strong>En el \u00e1rbol<\/strong> En tus adornos navide\u00f1os usa l\u00e1mparas de bajo consumo. Recuerda que las luces navide\u00f1as deben ser un elemento de decoraci\u00f3n y no de iluminaci\u00f3n. De ser posible, sustituye las luces por adornos confeccionados con flores, hojas, ramas de \u00e1rboles, etc. Si los elaboras t\u00fa mismo con tus amigos o familiares, pasar\u00e1s un buen rato todos juntos a la vez que ahorrar\u00e1s energ\u00eda.<\/p>\n<p><strong>En el Nacimiento<\/strong> No utilices el musgo ni el acebo como elementos decorativos. Son plantas en peligro de extinci\u00f3n, y su recolecci\u00f3n est\u00e1 prohibida en muchas comunidades aut\u00f3nomas.<\/p>\n<p><strong>En tus tarjetas<\/strong> Incluye\u00a0 mensajes ecol\u00f3gicos (\u00abdepos\u00edteme en un contenedor de papel\u00bb).<\/p>\n<p><strong>En tus regalos<\/strong> Elige juguetes y regalos fabricados con materiales duraderos y ecol\u00f3gicos. Evita adquirir productos que necesiten pilas alcalinas.<\/p>\n<ul>\n<li>Recupera juguetes ya usados o reg\u00e1lalos a otros ni\u00f1os.<\/li>\n<li>Enc\u00e1ntate por los regalos artesanales. Aprovecha estos d\u00edas de fiesta para elaborar obsequios personales.<\/li>\n<li>Pacta el intercambio de regalos con tus familiares y amigos para no gastar en miles de regalos a cada uno.<\/li>\n<\/ul>\n<p style=\"text-align: left;\"><strong>En los empaques de regalos<\/strong> Reutiliza papel de regalo ya usado o, en su defecto, usa papel reciclado.<\/p>\n<ul>\n<li>Puedes utilizar papel peri\u00f3dico o de revistas antiguas.<\/li>\n<\/ul>\n<p style=\"text-align: left;\"><strong>En la Cena.<\/strong> Adem\u00e1s de comprar productos locales, no uses platos ni cubiertos desechables. Al ir de compras, lleva bolsas de tela para no contaminar con las de pl\u00e1stico. Cuando termine tu reuni\u00f3n, no olvides separar la basura y reciclar lo que a\u00fan sirva.<\/p>\n<p><strong>Lista de consejos:<\/strong><\/p>\n<ul>\n<li>Comprar los alimentos que sean necesarios.<\/li>\n<li>No arrojar desechos en las calles.<\/li>\n<li>Utilizar pilas recargables, no pilas alcalinas<\/li>\n<li>A las compras llevar bolsas reutilizables, rechacemos las bolsas pl\u00e1sticas.<\/li>\n<li>Si tienes productos electr\u00f3nicos que ya no uses no arrojarlos a la basura, reg\u00e1lale a otra persona, le puede ser de mucha utilidad.<\/li>\n<li>Crea tus propias tarjetas con papel reciclado.<\/li>\n<li>Evitemos comprar art\u00edculos innecesarios.<\/li>\n<li>Seamos m\u00e1s respetuosos con el ambiente.<\/li>\n<\/ul>\n<p><a href=\"http:\/\/www.ambienteyenergia.gob.ec\/ambiente\/wp-content\/uploads\/2012\/12\/web1.jpg\"><img loading=\"lazy\" decoding=\"async\" class=\"wp-image-8270 alignnone\" title=\"\" src=\"http:\/\/www.ambienteyenergia.gob.ec\/ambiente\/wp-content\/uploads\/2012\/12\/web1.jpg\" alt=\"\" width=\"650\" height=\"370\" srcset=\"https:\/\/www.ambienteyenergia.gob.ec\/ambiente\/wp-content\/uploads\/sites\/2\/2012\/12\/web1.jpg 650w, https:\/\/www.ambienteyenergia.gob.ec\/ambiente\/wp-content\/uploads\/sites\/2\/2012\/12\/web1-300x170.jpg 300w, https:\/\/www.ambienteyenergia.gob.ec\/ambiente\/wp-content\/uploads\/sites\/2\/2012\/12\/web1-500x284.jpg 500w\" sizes=\"auto, (max-width: 650px) 100vw, 650px\" \/><\/a><\/p>\n","protected":false},"excerpt":{"rendered":"<p class=\"excerpt\">Las fechas navide\u00f1as son uno de los momentos del a\u00f1o m\u00e1s intensos en la generaci\u00f3n de residuos. Estas fechas no tienen por qu\u00e9 ser sin\u00f3nimo de despilfarro. Los ciudadanos pueden ser ecol\u00f3gicos durante sus compras, con los adornos navide\u00f1os, al asumir las 4 &#8216;R&#8217; ecol\u00f3gicas\u00a0 (Reducir, Reutilizar, Reciclar y Rechazar), al ahorrar energ\u00eda o utilizando bolsas en vez de fundas&hellip; <a href=\"https:\/\/www.ambienteyenergia.gob.ec\/ambiente\/en-esta-navidad-dale-un-regalo-al-planeta-consumamos-lo-que-en-verdad-se-necesita\/\">Read more &rarr;<\/a><\/p>\n","protected":false},"author":13,"featured_media":8268,"comment_status":"open","ping_status":"open","sticky":false,"template":"","format":"standard","meta":{"footnotes":""},"categories":[16,4],"tags":[48,53,161,160,49],"class_list":["post-8256","post","type-post","status-publish","format-standard","has-post-thumbnail","hentry","category-comunicamos","category-noticias","tag-ecuador","tag-mae","tag-minsiterio-del-ambiente","tag-navidad","tag-quito","xfolkentry"],"_links":{"self":[{"href":"https:\/\/www.ambienteyenergia.gob.ec\/ambiente\/wp-json\/wp\/v2\/posts\/8256","targetHints":{"allow":["GET"]}}],"collection":[{"href":"https:\/\/www.ambienteyenergia.gob.ec\/ambiente\/wp-json\/wp\/v2\/posts"}],"about":[{"href":"https:\/\/www.ambienteyenergia.gob.ec\/ambiente\/wp-json\/wp\/v2\/types\/post"}],"author":[{"embeddable":true,"href":"https:\/\/www.ambienteyenergia.gob.ec\/ambiente\/wp-json\/wp\/v2\/users\/13"}],"replies":[{"embeddable":true,"href":"https:\/\/www.ambienteyenergia.gob.ec\/ambiente\/wp-json\/wp\/v2\/comments?post=8256"}],"version-history":[{"count":0,"href":"https:\/\/www.ambienteyenergia.gob.ec\/ambiente\/wp-json\/wp\/v2\/posts\/8256\/revisions"}],"wp:featuredmedia":[{"embeddable":true,"href":"https:\/\/www.ambienteyenergia.gob.ec\/ambiente\/wp-json\/wp\/v2\/media\/8268"}],"wp:attachment":[{"href":"https:\/\/www.ambienteyenergia.gob.ec\/ambiente\/wp-json\/wp\/v2\/media?parent=8256"}],"wp:term":[{"taxonomy":"category","embeddable":true,"href":"https:\/\/www.ambienteyenergia.gob.ec\/ambiente\/wp-json\/wp\/v2\/categories?post=8256"},{"taxonomy":"post_tag","embeddable":true,"href":"https:\/\/www.ambienteyenergia.gob.ec\/ambiente\/wp-json\/wp\/v2\/tags?post=8256"}],"curies":[{"name":"wp","href":"https:\/\/api.w.org\/{rel}","templated":true}]}}