{"id":8249,"date":"2012-12-19T14:53:13","date_gmt":"2012-12-19T19:53:13","guid":{"rendered":"http:\/\/www.ambiente.gob.ec\/?p=8249"},"modified":"2012-12-19T15:42:33","modified_gmt":"2012-12-19T20:42:33","slug":"mae-suspende-permiso-ambiental-a-camal","status":"publish","type":"post","link":"https:\/\/www.ambienteyenergia.gob.ec\/ambiente\/mae-suspende-permiso-ambiental-a-camal\/","title":{"rendered":"MAE suspende permiso ambiental a camal"},"content":{"rendered":"<p>Ante las versiones difundidas por los medios de comunicaci\u00f3n sobre un camal clandestino donde se faenaba asnos y burros, el Ministerio del Ambiente (MAE), informa seg\u00fan sus competencias.<\/p>\n<p>De forma inmediata, personal de la Direcci\u00f3n Provincial del Ambiente en Bol\u00edvar, se traslad\u00f3 hasta el camal \u00abBendici\u00f3n de Dios\u00bb y comprob\u00f3 que no cumple con lo determinado en el Plan de Manejo Ambiental emitido el pasado 14 de diciembre.<\/p>\n<p>Tras la visita, los funcionarios de la Direcci\u00f3n Provincial de Bol\u00edvar suspendieron el permiso ambiental por incumplir con el plan de manejo, seg\u00fan lo establecido en el cap\u00edtulo III, art\u00edculo 9 del Texto Unificado de Legislaci\u00f3n Ambiental Secundaria.<\/p>\n<p>Seg\u00fan, Franz Verdezoto, Director Provincial de Ambiente en Bolivar, Se realizaron varias inspecciones al camal y las observaciones fueron notificadas al Gobierno Municipal y al Minsiterio de Salud (MSP).<\/p>\n<p>\u00abDento de la ley ambiental, no existe ningun tipo de regulaci\u00f3n sobre ganado a faenar, ese seguimiento lo debe realizar el MSP. Nosotros realizaremos un seguimiento de par\u00e1metros establecidos y del r\u00e9gimen de permisos y licencias sobre actividades potencialmente contaminantes\u00bb, dijo.<\/p>\n","protected":false},"excerpt":{"rendered":"<p class=\"excerpt\">Ante las versiones difundidas por los medios de comunicaci\u00f3n sobre un camal clandestino donde se faenaba asnos y burros, el Ministerio del Ambiente (MAE), informa seg\u00fan sus competencias. De forma inmediata, personal de la Direcci\u00f3n Provincial del Ambiente en Bol\u00edvar, se traslad\u00f3 hasta el camal \u00abBendici\u00f3n de Dios\u00bb y comprob\u00f3 que no cumple con lo determinado en el Plan de&hellip; <a href=\"https:\/\/www.ambienteyenergia.gob.ec\/ambiente\/mae-suspende-permiso-ambiental-a-camal\/\">Read more &rarr;<\/a><\/p>\n","protected":false},"author":13,"featured_media":8252,"comment_status":"open","ping_status":"open","sticky":false,"template":"","format":"standard","meta":{"footnotes":""},"categories":[16,4],"tags":[180,179,48],"class_list":["post-8249","post","type-post","status-publish","format-standard","has-post-thumbnail","hentry","category-comunicamos","category-noticias","tag-bolivar","tag-camal","tag-ecuador","xfolkentry"],"_links":{"self":[{"href":"https:\/\/www.ambienteyenergia.gob.ec\/ambiente\/wp-json\/wp\/v2\/posts\/8249","targetHints":{"allow":["GET"]}}],"collection":[{"href":"https:\/\/www.ambienteyenergia.gob.ec\/ambiente\/wp-json\/wp\/v2\/posts"}],"about":[{"href":"https:\/\/www.ambienteyenergia.gob.ec\/ambiente\/wp-json\/wp\/v2\/types\/post"}],"author":[{"embeddable":true,"href":"https:\/\/www.ambienteyenergia.gob.ec\/ambiente\/wp-json\/wp\/v2\/users\/13"}],"replies":[{"embeddable":true,"href":"https:\/\/www.ambienteyenergia.gob.ec\/ambiente\/wp-json\/wp\/v2\/comments?post=8249"}],"version-history":[{"count":0,"href":"https:\/\/www.ambienteyenergia.gob.ec\/ambiente\/wp-json\/wp\/v2\/posts\/8249\/revisions"}],"wp:featuredmedia":[{"embeddable":true,"href":"https:\/\/www.ambienteyenergia.gob.ec\/ambiente\/wp-json\/wp\/v2\/media\/8252"}],"wp:attachment":[{"href":"https:\/\/www.ambienteyenergia.gob.ec\/ambiente\/wp-json\/wp\/v2\/media?parent=8249"}],"wp:term":[{"taxonomy":"category","embeddable":true,"href":"https:\/\/www.ambienteyenergia.gob.ec\/ambiente\/wp-json\/wp\/v2\/categories?post=8249"},{"taxonomy":"post_tag","embeddable":true,"href":"https:\/\/www.ambienteyenergia.gob.ec\/ambiente\/wp-json\/wp\/v2\/tags?post=8249"}],"curies":[{"name":"wp","href":"https:\/\/api.w.org\/{rel}","templated":true}]}}