{"id":8242,"date":"2012-12-19T14:03:28","date_gmt":"2012-12-19T19:03:28","guid":{"rendered":"http:\/\/www.ambiente.gob.ec\/?p=8242"},"modified":"2012-12-19T14:03:28","modified_gmt":"2012-12-19T19:03:28","slug":"el-proyecto-pacc-lidera-medidas-de-adaptacion-al-cambio-climatico-en-el-ecuador","status":"publish","type":"post","link":"https:\/\/www.ambienteyenergia.gob.ec\/ambiente\/el-proyecto-pacc-lidera-medidas-de-adaptacion-al-cambio-climatico-en-el-ecuador\/","title":{"rendered":"El Proyecto PACC lidera medidas de adaptaci\u00f3n al cambio clim\u00e1tico en el Ecuador"},"content":{"rendered":"<p style=\"text-align: left;\"><em>Las medidas de adaptaci\u00f3n al cambio clim\u00e1tico que lidera el Ministerio del Ambiente, representan un importante referente para los pa\u00edses andinos.<\/em><\/p>\n<p style=\"text-align: left;\">El programa de Adaptaci\u00f3n al Cambio Clim\u00e1tico de la Comunidad Andina (CAN), con el apoyo de la Deutsche Gesellschaftf\u00fcr Internationale Zusammenarbeit (GIZ), ha previsto realizar giras de observaci\u00f3n en los pa\u00edses de la CAN que cuentan con experiencias locales en la aplicaci\u00f3n de medidas de adaptaci\u00f3n al cambio clim\u00e1tico, relacionados a la agricultura y agua.<\/p>\n<p style=\"text-align: left;\">Esta gira tuvo como objetivo principal aprender de las mejores pr\u00e1cticas e intercambiar experiencias novedosas en las comunidades, para el fortalecimiento de capacidades institucionales de los Pa\u00edses Miembros de la CAN, cuya utilidad se reflejar\u00e1 en la posterior formulaci\u00f3n de pol\u00edticas y estrategias sobre la adaptaci\u00f3n al cambio clim\u00e1tico en el sector agropecuario.<\/p>\n<p style=\"text-align: left;\">En el Ecuador, se consider\u00f3 al proyecto \u201cSembrar agua para el riego de las huertas agroforestales campesinas\u201d, implementado en varias comunidades del Cant\u00f3n Paltas, provincia de Loja, cuyo ejecutor local es la fundaci\u00f3n Comunidad para el Desarrollo (COMUNIDEC) y a nivel nacional es el Proyecto de Adaptaci\u00f3n al Cambio Clim\u00e1tico a trav\u00e9s de una efectiva gobernabilidad del agua (PACC), en el cual se identificaron experiencias exitosas y resultados relevantes.<\/p>\n<p style=\"text-align: left;\">Los representantes de las diferentes instituciones p\u00fablicas de Colombia, Per\u00fa, y Bolivia, que visitaron la provincia de Loja, observaron los sistemas implementados en las zonas en las cuales el Ministerio del Ambiente, a trav\u00e9s del PACC, ha apoyando para enfrentar el fen\u00f3meno del cambio clim\u00e1tico.<\/p>\n<p style=\"text-align: left;\">Es asi como pudieron constatar varios sistemas, como las albarradas o lagunas denominadas paltas, donde se almacenan importantes cantidades de agua, la cual, al filtrarse abastece a los acu\u00edferos subterr\u00e1neos que posteriormente dan origen a las vertientes localizadas en zonas m\u00e1s bajas. Se pudo, adem\u00e1s conocer otras pr\u00e1cticas ancestrales que se han rescatado e implementado en este sector.<\/p>\n","protected":false},"excerpt":{"rendered":"<p class=\"excerpt\">Las medidas de adaptaci\u00f3n al cambio clim\u00e1tico que lidera el Ministerio del Ambiente, representan un importante referente para los pa\u00edses andinos. El programa de Adaptaci\u00f3n al Cambio Clim\u00e1tico de la Comunidad Andina (CAN), con el apoyo de la Deutsche Gesellschaftf\u00fcr Internationale Zusammenarbeit (GIZ), ha previsto realizar giras de observaci\u00f3n en los pa\u00edses de la CAN que cuentan con experiencias locales&hellip; <a href=\"https:\/\/www.ambienteyenergia.gob.ec\/ambiente\/el-proyecto-pacc-lidera-medidas-de-adaptacion-al-cambio-climatico-en-el-ecuador\/\">Read more &rarr;<\/a><\/p>\n","protected":false},"author":13,"featured_media":8243,"comment_status":"open","ping_status":"open","sticky":false,"template":"","format":"standard","meta":{"footnotes":""},"categories":[16,4],"tags":[133,48],"class_list":["post-8242","post","type-post","status-publish","format-standard","has-post-thumbnail","hentry","category-comunicamos","category-noticias","tag-cambio-climatico","tag-ecuador","xfolkentry"],"_links":{"self":[{"href":"https:\/\/www.ambienteyenergia.gob.ec\/ambiente\/wp-json\/wp\/v2\/posts\/8242","targetHints":{"allow":["GET"]}}],"collection":[{"href":"https:\/\/www.ambienteyenergia.gob.ec\/ambiente\/wp-json\/wp\/v2\/posts"}],"about":[{"href":"https:\/\/www.ambienteyenergia.gob.ec\/ambiente\/wp-json\/wp\/v2\/types\/post"}],"author":[{"embeddable":true,"href":"https:\/\/www.ambienteyenergia.gob.ec\/ambiente\/wp-json\/wp\/v2\/users\/13"}],"replies":[{"embeddable":true,"href":"https:\/\/www.ambienteyenergia.gob.ec\/ambiente\/wp-json\/wp\/v2\/comments?post=8242"}],"version-history":[{"count":0,"href":"https:\/\/www.ambienteyenergia.gob.ec\/ambiente\/wp-json\/wp\/v2\/posts\/8242\/revisions"}],"wp:featuredmedia":[{"embeddable":true,"href":"https:\/\/www.ambienteyenergia.gob.ec\/ambiente\/wp-json\/wp\/v2\/media\/8243"}],"wp:attachment":[{"href":"https:\/\/www.ambienteyenergia.gob.ec\/ambiente\/wp-json\/wp\/v2\/media?parent=8242"}],"wp:term":[{"taxonomy":"category","embeddable":true,"href":"https:\/\/www.ambienteyenergia.gob.ec\/ambiente\/wp-json\/wp\/v2\/categories?post=8242"},{"taxonomy":"post_tag","embeddable":true,"href":"https:\/\/www.ambienteyenergia.gob.ec\/ambiente\/wp-json\/wp\/v2\/tags?post=8242"}],"curies":[{"name":"wp","href":"https:\/\/api.w.org\/{rel}","templated":true}]}}