{"id":8232,"date":"2012-12-19T12:30:14","date_gmt":"2012-12-19T17:30:14","guid":{"rendered":"http:\/\/www.ambiente.gob.ec\/?p=8232"},"modified":"2012-12-19T12:31:16","modified_gmt":"2012-12-19T17:31:16","slug":"consejo-sectorial-de-patrimonio-presento-avances-en-ambiente","status":"publish","type":"post","link":"https:\/\/www.ambienteyenergia.gob.ec\/ambiente\/consejo-sectorial-de-patrimonio-presento-avances-en-ambiente\/","title":{"rendered":"Consejo Sectorial de Patrimonio present\u00f3 avances en ambiente"},"content":{"rendered":"<p style=\"text-align: left;\">Recuperaci\u00f3n de bienes inmuebles, ferias literarias, eventos musicales, infraestructura deportiva, impulso del ferrocarril nacional y los avances en ambiente fueron algunos de los temas que trat\u00f3 este mi\u00e9rcoles el Consejo Sectorial de Patrimonio, liderado por la Ministra Coordinadora Mar\u00eda Bel\u00e9n Moncayo.<\/p>\n<p style=\"text-align: left;\">En su discurso, Moncayo ratific\u00f3 que el objetivo de la Instituci\u00f3n Coordinadora es proponer, coordinar y monitorear las pol\u00edticas, planes y programas ejecutados por los ministerios e instituciones del Consejo Sectorial, y salud\u00f3 la nueva gesti\u00f3n de la Ministra del Ambiente, Lorena Tapia.<\/p>\n<p style=\"text-align: left;\">\u00abNuestro patrimonio natural y cultural es parte de la identidad y del buen vivir. Todos los ecuatorianos debemos protegerlo y conservarlo con participaci\u00f3n, inclusi\u00f3n y equidad\u00bb, coment\u00f3.<\/p>\n<p style=\"text-align: left;\"><strong>Avances en ambiente<\/strong><\/p>\n<p style=\"text-align: left;\">En su intervenci\u00f3n, Lorena Tapia, Ministra del Ambiente, manifest\u00f3 que bajo su liderazgo la Cartera de Estado velar\u00e1 por un ambiente sano y respetuoso de los derechos de la naturaleza, garantizando modelos sustentables de desarrollo ambiental que conserve la biodiversidad.<\/p>\n<p style=\"text-align: left;\">\u00abNo soy nueva en el MAE, trabaje dirigiendo el Programa de Reparaci\u00f3n Ambiental y Social (PRAS) promoviendo iniciativas dirigidas a la gesti\u00f3n integral de los pasivos ambientales y sociales provocados por el desarrollo de actividades econ\u00f3micas generadas por actores p\u00fablicos y privados\u00bb, dijo.<\/p>\n<p style=\"text-align: left;\">El PRAS ha dividido su intervenci\u00f3n en varias etapas seg\u00fan las actividades econ\u00f3micas desarrolladas en el pa\u00eds. La primera fase trabaja sobre la adecuada gesti\u00f3n de pasivos socio-ambientales producidos por la actividad petrolera y se est\u00e1 iniciando en temas de miner\u00eda.<\/p>\n<p style=\"text-align: left;\">La autoridad ambiental tambi\u00e9n destac\u00f3 la labor del Programa Nacional Para la Gesti\u00f3n Integral de Desechos S\u00f3lidos (PNGIDS), cuyo objetivo es generar y fortalecer los sistemas de gesti\u00f3n de desechos en todos los municipios del pa\u00eds. \u00abNuestra finalidad es disminuir la contaminaci\u00f3n ambiental, mejorando la calidad de vida de sus ciudadanos e impulsando la conservaci\u00f3n de los ecosistemas\u00bb.<\/p>\n<p style=\"text-align: left;\">Otro punto que destac\u00f3 la Ministra fue la ejecuci\u00f3n del Proyecto Gubernamental para generar y restaurar \u00e1reas verdes para la ciudad de Guayaquil, conocido como Guayaquil Ecol\u00f3gico. \u00c9sta iniciativa espera recuperar 10 kil\u00f3metros de ramal del Estero Salado con procesos t\u00e9cnicos de evaluac\u00edon y restauraci\u00f3n de par\u00e1metros f\u00edsicos, qu\u00edmicos y biol\u00f3gicos.<\/p>\n<p style=\"text-align: left;\">En este sentido, Tapia resalt\u00f3 la construcci\u00f3n del \u00c1rea Nacional de Recreaci\u00f3n Los Samanes, el tercer parque m\u00e1s grande de Latinoam\u00e9rica.<\/p>\n<p style=\"text-align: left;\">Con m\u00e1s de 800 hect\u00e1reas, Parque Los Samanes, est\u00e1 destinado a ser un hito dentro del esquema urbano nacional e internacional, no s\u00f3lo por su extensi\u00f3n, sino tambi\u00e9n por su gran importancia para cumplir el objetivo trazado por el MAE en recuperar los espacios verdes y de recreaci\u00f3n en la ciudad de Guayaquil.<\/p>\n<p style=\"text-align: left;\">\u00abLos primeros trabajos estar\u00e1n listos en enero pr\u00f3ximo. Ahora los guayaquile\u00f1os tendremos espacios para la recreaci\u00f3n, esparcimiento y contacto con la naturaleza\u00bb, se\u00f1al\u00f3.<\/p>\n<p style=\"text-align: left;\">Por otro lado, Tapia acot\u00f3 que los resultados del Programa Socio Bosque revelan, al finalizar el 2012, un registr\u00f3 de m\u00e1s de 1 mill\u00f3n de hect\u00e1reas conservadas en Ecuador con alrededor de 1 700 convenios.<\/p>\n<p style=\"text-align: left;\">En el \u00e1mbito internacional, esta iniciativa de conservaci\u00f3n ha sido replicada en Per\u00fa con el Programa \u201cConservando Bosques Comunales\u201d; y en Bolivia la Gobernaci\u00f3n de Pando cre\u00f3 el Programa Comserbo.<\/p>\n<p style=\"text-align: left;\">\u00abEcuador posee alrededor de 9,6 millones de hect\u00e1reas de bosques, de ellas 4,5 millones de hect\u00e1reas corresponden al Sistema Nacional de \u00c1reas Protegidas. La meta de Socio Bosque es preservar 4 millones de hect\u00e1reas que no son del sistema de \u00e1reas protegidas\u00bb, dijo.<\/p>\n<p style=\"text-align: left;\"><strong>Trabajo en 2013<\/strong><\/p>\n<p style=\"text-align: left;\">En lo que respecta a 2013, la Ministra Tapia ratific\u00f3 los esfuerzos para que el pa\u00eds conozca que existe una Estrategia Nacional frente al Cambio Clim\u00e1tico.<\/p>\n<p style=\"text-align: left;\">Este documento sirve de l\u00ednea base para que Ecuador tome correctivos a tiempo y doblegue esfuerzos para conservar los recursos forestales, manglares y p\u00e1ramos, apoyar y fomentar la eficiencia energ\u00e9tica, mejorar las pr\u00e1cticas ambientales y bajar el consumo de nuestros recursos.<\/p>\n<p style=\"text-align: left;\">De igual forma, manifest\u00f3 que se trabajar\u00e1 para reducir el impacto de la deforestaci\u00f3n, a trav\u00e9s del sistema integrado de control forestal para conservar y manejar sosteniblemente los recursos naturales.<\/p>\n<p style=\"text-align: left;\">La autoridad tambi\u00e9n acot\u00f3 la importancia de manejar un sistema on-line que sirva como una Base de Datos Ambiental unificada, con todas las seguridades necesarias y para obtener datos claves en la toma de decisiones.<\/p>\n<p style=\"text-align: left;\">En este sentido, se fortalecer\u00e1 el Sistema \u00danico de Informaci\u00f3n Ambiental (SUIA), una soluci\u00f3n inform\u00e1tica que permite contar con una plataforma \u00fanica que abarque todos los servicios prestados por esta cartera hacia la ciudadan\u00eda, teniendo siempre como base el buen servicio y la excelencia en la atenci\u00f3n al cliente tanto interno como externo.<\/p>\n<p style=\"text-align: left;\"><strong>Consejo Sectorial de Patrimonio Natural<\/strong><\/p>\n<p style=\"text-align: left;\">El Consejo Sectorial de Patrimonio Natural y Cultural, esta integrado por el Ministerio Coordinador de Patrimonio Natural y Cultural, los ministerios de Turismo, Cultura, Ambiente, del Deporte, por el Instituto Nacional de Patrimonio Cultural (INPC), el Instituto para el Ecodesarrollo de la Amazonia (Ecorae), el Instituto Nacional Gal\u00e1pagos (Ingala), la Subsecretar\u00eda de Educaci\u00f3n Intercultural Biling\u00fce del Ministerio de Educaci\u00f3n, la Subsecretar\u00eda de Salud Intercultural del Ministerio de Salud P\u00fablica, la Empresa de Ferrocarriles Ecuatorianos (EFE), la Secretaria Nacional del Agua (Senagua), y la Corporaci\u00f3n Ciudad Alfaro.<\/p>\n<p style=\"text-align: left;\"><strong>Audio:<\/strong><\/p>\n<p><iframe loading=\"lazy\" src=\"https:\/\/w.soundcloud.com\/player\/?url=http%3A%2F%2Fapi.soundcloud.com%2Ftracks%2F71828156\" frameborder=\"no\" scrolling=\"no\" width=\"100%\" height=\"166\"><\/iframe><\/p>\n<p style=\"text-align: left;\"><strong>La foto:<\/strong><\/p>\n<p style=\"text-align: left;\"><a href=\"http:\/\/www.ambienteyenergia.gob.ec\/ambiente\/wp-content\/uploads\/2012\/12\/kok.jpg\"><img loading=\"lazy\" decoding=\"async\" class=\"aligncenter size-full wp-image-8234\" title=\"\" src=\"http:\/\/www.ambienteyenergia.gob.ec\/ambiente\/wp-content\/uploads\/2012\/12\/kok.jpg\" alt=\"\" width=\"650\" height=\"395\" srcset=\"https:\/\/www.ambienteyenergia.gob.ec\/ambiente\/wp-content\/uploads\/sites\/2\/2012\/12\/kok.jpg 650w, https:\/\/www.ambienteyenergia.gob.ec\/ambiente\/wp-content\/uploads\/sites\/2\/2012\/12\/kok-300x182.jpg 300w, https:\/\/www.ambienteyenergia.gob.ec\/ambiente\/wp-content\/uploads\/sites\/2\/2012\/12\/kok-493x300.jpg 493w\" sizes=\"auto, (max-width: 650px) 100vw, 650px\" \/><\/a><\/p>\n","protected":false},"excerpt":{"rendered":"<p class=\"excerpt\">Recuperaci\u00f3n de bienes inmuebles, ferias literarias, eventos musicales, infraestructura deportiva, impulso del ferrocarril nacional y los avances en ambiente fueron algunos de los temas que trat\u00f3 este mi\u00e9rcoles el Consejo Sectorial de Patrimonio, liderado por la Ministra Coordinadora Mar\u00eda Bel\u00e9n Moncayo. En su discurso, Moncayo ratific\u00f3 que el objetivo de la Instituci\u00f3n Coordinadora es proponer, coordinar y monitorear las pol\u00edticas,&hellip; <a href=\"https:\/\/www.ambienteyenergia.gob.ec\/ambiente\/consejo-sectorial-de-patrimonio-presento-avances-en-ambiente\/\">Read more &rarr;<\/a><\/p>\n","protected":false},"author":13,"featured_media":8233,"comment_status":"open","ping_status":"open","sticky":false,"template":"","format":"standard","meta":{"footnotes":""},"categories":[16,4],"tags":[48,53,177,178,161,49],"class_list":["post-8232","post","type-post","status-publish","format-standard","has-post-thumbnail","hentry","category-comunicamos","category-noticias","tag-ecuador","tag-mae","tag-ministerio-coordinador-de-patrimonio","tag-ministerio-del-cultura","tag-minsiterio-del-ambiente","tag-quito","xfolkentry"],"_links":{"self":[{"href":"https:\/\/www.ambienteyenergia.gob.ec\/ambiente\/wp-json\/wp\/v2\/posts\/8232","targetHints":{"allow":["GET"]}}],"collection":[{"href":"https:\/\/www.ambienteyenergia.gob.ec\/ambiente\/wp-json\/wp\/v2\/posts"}],"about":[{"href":"https:\/\/www.ambienteyenergia.gob.ec\/ambiente\/wp-json\/wp\/v2\/types\/post"}],"author":[{"embeddable":true,"href":"https:\/\/www.ambienteyenergia.gob.ec\/ambiente\/wp-json\/wp\/v2\/users\/13"}],"replies":[{"embeddable":true,"href":"https:\/\/www.ambienteyenergia.gob.ec\/ambiente\/wp-json\/wp\/v2\/comments?post=8232"}],"version-history":[{"count":0,"href":"https:\/\/www.ambienteyenergia.gob.ec\/ambiente\/wp-json\/wp\/v2\/posts\/8232\/revisions"}],"wp:featuredmedia":[{"embeddable":true,"href":"https:\/\/www.ambienteyenergia.gob.ec\/ambiente\/wp-json\/wp\/v2\/media\/8233"}],"wp:attachment":[{"href":"https:\/\/www.ambienteyenergia.gob.ec\/ambiente\/wp-json\/wp\/v2\/media?parent=8232"}],"wp:term":[{"taxonomy":"category","embeddable":true,"href":"https:\/\/www.ambienteyenergia.gob.ec\/ambiente\/wp-json\/wp\/v2\/categories?post=8232"},{"taxonomy":"post_tag","embeddable":true,"href":"https:\/\/www.ambienteyenergia.gob.ec\/ambiente\/wp-json\/wp\/v2\/tags?post=8232"}],"curies":[{"name":"wp","href":"https:\/\/api.w.org\/{rel}","templated":true}]}}