{"id":8228,"date":"2012-12-18T15:06:07","date_gmt":"2012-12-18T20:06:07","guid":{"rendered":"http:\/\/www.ambiente.gob.ec\/?p=8228"},"modified":"2012-12-18T15:06:07","modified_gmt":"2012-12-18T20:06:07","slug":"taller-de-consultorias-guayaquil-ecologico-componente-estero-salado","status":"publish","type":"post","link":"https:\/\/www.ambienteyenergia.gob.ec\/ambiente\/taller-de-consultorias-guayaquil-ecologico-componente-estero-salado\/","title":{"rendered":"Taller de consultorias Guayaquil Ecol\u00f3gico &#8211; Componente Estero Salado"},"content":{"rendered":"<p style=\"text-align: left;\">El Ministerio del Ambiente a trav\u00e9s de su Proyecto Guayaquil Ecol\u00f3gico convoc\u00f3 a sus consultores a un taller informativo y de trabajo en las instalaciones del Gobierno Zonal de Guayaquil, para intercambiar experiencias y compartir conocimientos con los t\u00e9cnicos.<\/p>\n<p style=\"text-align: left;\">La Viceministra de Ambiente Mercy Borbor dio la bienvenida a los consultores, siendo esto la apertura del Taller, \u201clo que corresponde al proceso de descontaminaci\u00f3n del Estero Salado es un tarea grande, que requiere no solo el aporte de cada uno de ustedes sino tambi\u00e9n del apoyo de otras instituciones y la concienciaci\u00f3n de la comunidad en general\u201d expres\u00f3 Borbor. Junto a ella estuvo el Subsecretario de Gesti\u00f3n Marina y Costera, Nelson Zambrano y el Gerente del Proyecto Guayaquil Ecol\u00f3gico, David Pasquel.<\/p>\n<p style=\"text-align: left;\">Por parte de los consultores se cont\u00f3 con la participaci\u00f3n del Instituto Oceanogr\u00e1fico de la Armada (INOCAR), Centro Internacional para la Investigaci\u00f3n del Fen\u00f3meno del Ni\u00f1o (CIIFEN), Ecobiotec, Escuela Polit\u00e9cnica del Chimborazo (ESPOCH), Acuatecnos, Escuela Superior Polit\u00e9cnica del Litoral (ESPOL), Indutorres, Instituto Nacional de Pesca (INP) y consultores independientes que trabajan en estudios t\u00e9cnico cient\u00edficos para el Proyecto.<\/p>\n<p style=\"text-align: left;\">El taller se desarroll\u00f3 en tres etapas: presentaci\u00f3n por parte del Ministerio de Ambiente sobre el estado actual de las actividades del proyecto Guayaquil Ecol\u00f3gico, mesas de trabajo repartidas en los temas de calidad de agua y sedimentos, batimetr\u00eda, descargas, reforestaci\u00f3n, superoxigenaci\u00f3n y educaci\u00f3n ambiental; finalmente se realiz\u00f3 un plenario de las ideas recopiladas y conclusiones.<\/p>\n<p style=\"text-align: left;\">Con estos talleres se busca involucrar a los consultores en las actividades del proyecto, para que tomen contacto con los procesos realizados desde diversos frentes, y juntos llegar a la meta final del proyecto que es la restauraci\u00f3n ecol\u00f3gica del Estero Salado.<\/p>\n<p style=\"text-align: left;\">Finalmente se propuso establecer un comit\u00e9 de consulta t\u00e9cnico-cient\u00edfico permanente, integrado por los consultores y t\u00e9cnicos del Ministerio del Ambiente, el mismo que dar\u00e1 apoyo y asesoramiento a las gestiones del Proyecto Guayaquil Ecol\u00f3gico-Componente Estero Salado.<\/p>\n","protected":false},"excerpt":{"rendered":"<p class=\"excerpt\">El Ministerio del Ambiente a trav\u00e9s de su Proyecto Guayaquil Ecol\u00f3gico convoc\u00f3 a sus consultores a un taller informativo y de trabajo en las instalaciones del Gobierno Zonal de Guayaquil, para intercambiar experiencias y compartir conocimientos con los t\u00e9cnicos. La Viceministra de Ambiente Mercy Borbor dio la bienvenida a los consultores, siendo esto la apertura del Taller, \u201clo que corresponde&hellip; <a href=\"https:\/\/www.ambienteyenergia.gob.ec\/ambiente\/taller-de-consultorias-guayaquil-ecologico-componente-estero-salado\/\">Read more &rarr;<\/a><\/p>\n","protected":false},"author":13,"featured_media":8229,"comment_status":"open","ping_status":"open","sticky":false,"template":"","format":"standard","meta":{"footnotes":""},"categories":[16,4],"tags":[],"class_list":["post-8228","post","type-post","status-publish","format-standard","has-post-thumbnail","hentry","category-comunicamos","category-noticias","xfolkentry"],"_links":{"self":[{"href":"https:\/\/www.ambienteyenergia.gob.ec\/ambiente\/wp-json\/wp\/v2\/posts\/8228","targetHints":{"allow":["GET"]}}],"collection":[{"href":"https:\/\/www.ambienteyenergia.gob.ec\/ambiente\/wp-json\/wp\/v2\/posts"}],"about":[{"href":"https:\/\/www.ambienteyenergia.gob.ec\/ambiente\/wp-json\/wp\/v2\/types\/post"}],"author":[{"embeddable":true,"href":"https:\/\/www.ambienteyenergia.gob.ec\/ambiente\/wp-json\/wp\/v2\/users\/13"}],"replies":[{"embeddable":true,"href":"https:\/\/www.ambienteyenergia.gob.ec\/ambiente\/wp-json\/wp\/v2\/comments?post=8228"}],"version-history":[{"count":0,"href":"https:\/\/www.ambienteyenergia.gob.ec\/ambiente\/wp-json\/wp\/v2\/posts\/8228\/revisions"}],"wp:featuredmedia":[{"embeddable":true,"href":"https:\/\/www.ambienteyenergia.gob.ec\/ambiente\/wp-json\/wp\/v2\/media\/8229"}],"wp:attachment":[{"href":"https:\/\/www.ambienteyenergia.gob.ec\/ambiente\/wp-json\/wp\/v2\/media?parent=8228"}],"wp:term":[{"taxonomy":"category","embeddable":true,"href":"https:\/\/www.ambienteyenergia.gob.ec\/ambiente\/wp-json\/wp\/v2\/categories?post=8228"},{"taxonomy":"post_tag","embeddable":true,"href":"https:\/\/www.ambienteyenergia.gob.ec\/ambiente\/wp-json\/wp\/v2\/tags?post=8228"}],"curies":[{"name":"wp","href":"https:\/\/api.w.org\/{rel}","templated":true}]}}