{"id":8224,"date":"2012-12-18T13:41:20","date_gmt":"2012-12-18T18:41:20","guid":{"rendered":"http:\/\/www.ambiente.gob.ec\/?p=8224"},"modified":"2012-12-18T13:41:20","modified_gmt":"2012-12-18T18:41:20","slug":"guardaparques-participaron-en-socializacion-del-nuevo-plan-de-manejo","status":"publish","type":"post","link":"https:\/\/www.ambienteyenergia.gob.ec\/ambiente\/guardaparques-participaron-en-socializacion-del-nuevo-plan-de-manejo\/","title":{"rendered":"Guardaparques participaron en socializaci\u00f3n del nuevo Plan de Manejo"},"content":{"rendered":"<p style=\"text-align: left;\"><em>Personal t\u00e9cnico y de campo de la Direcci\u00f3n del Parque Nacional Gal\u00e1pagos aport\u00f3 con su conocimiento para fortalecer los programas de manejo.<\/em><\/p>\n<p>Los guardaparques de las islas San Crist\u00f3bal, Isabela y Santa Cruz aportaron sus conocimientos para fortalecer los programas del Plan de Manejo de la \u00c1reas Protegidas de Gal\u00e1pagos para el Buen Vivir, a trav\u00e9s de talleres de socializaci\u00f3n.<\/p>\n<p>En cada jornada, los guardaparques de la Direcci\u00f3n del Parque Nacional Gal\u00e1pagos\u00a0 fueron divididos en grupos y plantearon los objetivos dentro de cada programa, las estrategias para cristalizar los mismos; y su visi\u00f3n para el futuro.<\/p>\n<p>El aporte de los guardaparques servir\u00e1 de insumo en las sesiones intensivas de trabajo del grupo t\u00e9cnico, que se reunir\u00e1 esta semana, para insertar los conocimientos t\u00e9cnicos y operativos en el primer borrador del Plan de Manejo, que se espera est\u00e9 listo antes de fin de a\u00f1o.<\/p>\n<p>Este plan integra los planes de manejo del Parque Nacional y la Reserva Marina de Gal\u00e1pagos, al tiempo que pretende articular un modelo de ordenamiento territorial que integre las \u00e1reas protegidas y pobladas, considerando las conexiones ecol\u00f3gicas y humanas.<\/p>\n<p style=\"text-align: left;\"><strong>La foto:<\/strong><\/p>\n<p style=\"text-align: left;\"><a href=\"http:\/\/www.ambienteyenergia.gob.ec\/ambiente\/wp-content\/uploads\/2012\/12\/5bmaphsv.jpg\"><img loading=\"lazy\" decoding=\"async\" class=\"aligncenter size-full wp-image-8225\" title=\"cid:image017.png@01CDA0B7.4DF71470 \t  Los aportes y conocimientos de los guardaparques ser\u00e1n analizados por el grupo t\u00e9cnico del Plan de Manejo de las \u00c1reas Protegidas de Gal\u00e1pagos para el Buen Vivir.\" src=\"http:\/\/www.ambienteyenergia.gob.ec\/ambiente\/wp-content\/uploads\/2012\/12\/5bmaphsv.jpg\" alt=\"\" width=\"650\" height=\"381\" srcset=\"https:\/\/www.ambienteyenergia.gob.ec\/ambiente\/wp-content\/uploads\/sites\/2\/2012\/12\/5bmaphsv.jpg 650w, https:\/\/www.ambienteyenergia.gob.ec\/ambiente\/wp-content\/uploads\/sites\/2\/2012\/12\/5bmaphsv-300x175.jpg 300w, https:\/\/www.ambienteyenergia.gob.ec\/ambiente\/wp-content\/uploads\/sites\/2\/2012\/12\/5bmaphsv-500x293.jpg 500w\" sizes=\"auto, (max-width: 650px) 100vw, 650px\" \/><\/a><\/p>\n","protected":false},"excerpt":{"rendered":"<p class=\"excerpt\">Personal t\u00e9cnico y de campo de la Direcci\u00f3n del Parque Nacional Gal\u00e1pagos aport\u00f3 con su conocimiento para fortalecer los programas de manejo. Los guardaparques de las islas San Crist\u00f3bal, Isabela y Santa Cruz aportaron sus conocimientos para fortalecer los programas del Plan de Manejo de la \u00c1reas Protegidas de Gal\u00e1pagos para el Buen Vivir, a trav\u00e9s de talleres de socializaci\u00f3n.&hellip; <a href=\"https:\/\/www.ambienteyenergia.gob.ec\/ambiente\/guardaparques-participaron-en-socializacion-del-nuevo-plan-de-manejo\/\">Read more &rarr;<\/a><\/p>\n","protected":false},"author":13,"featured_media":0,"comment_status":"open","ping_status":"open","sticky":false,"template":"","format":"standard","meta":{"footnotes":""},"categories":[16,4],"tags":[],"class_list":["post-8224","post","type-post","status-publish","format-standard","hentry","category-comunicamos","category-noticias","xfolkentry"],"_links":{"self":[{"href":"https:\/\/www.ambienteyenergia.gob.ec\/ambiente\/wp-json\/wp\/v2\/posts\/8224","targetHints":{"allow":["GET"]}}],"collection":[{"href":"https:\/\/www.ambienteyenergia.gob.ec\/ambiente\/wp-json\/wp\/v2\/posts"}],"about":[{"href":"https:\/\/www.ambienteyenergia.gob.ec\/ambiente\/wp-json\/wp\/v2\/types\/post"}],"author":[{"embeddable":true,"href":"https:\/\/www.ambienteyenergia.gob.ec\/ambiente\/wp-json\/wp\/v2\/users\/13"}],"replies":[{"embeddable":true,"href":"https:\/\/www.ambienteyenergia.gob.ec\/ambiente\/wp-json\/wp\/v2\/comments?post=8224"}],"version-history":[{"count":0,"href":"https:\/\/www.ambienteyenergia.gob.ec\/ambiente\/wp-json\/wp\/v2\/posts\/8224\/revisions"}],"wp:attachment":[{"href":"https:\/\/www.ambienteyenergia.gob.ec\/ambiente\/wp-json\/wp\/v2\/media?parent=8224"}],"wp:term":[{"taxonomy":"category","embeddable":true,"href":"https:\/\/www.ambienteyenergia.gob.ec\/ambiente\/wp-json\/wp\/v2\/categories?post=8224"},{"taxonomy":"post_tag","embeddable":true,"href":"https:\/\/www.ambienteyenergia.gob.ec\/ambiente\/wp-json\/wp\/v2\/tags?post=8224"}],"curies":[{"name":"wp","href":"https:\/\/api.w.org\/{rel}","templated":true}]}}