{"id":8204,"date":"2012-12-17T10:55:47","date_gmt":"2012-12-17T15:55:47","guid":{"rendered":"http:\/\/www.ambiente.gob.ec\/?p=8204"},"modified":"2012-12-17T11:11:40","modified_gmt":"2012-12-17T16:11:40","slug":"parque-historico-guayaquil-se-renueva-bajo-la-administracion-de-la-empresa-de-parques-naturales-y-espacios-publicos","status":"publish","type":"post","link":"https:\/\/www.ambienteyenergia.gob.ec\/ambiente\/parque-historico-guayaquil-se-renueva-bajo-la-administracion-de-la-empresa-de-parques-naturales-y-espacios-publicos\/","title":{"rendered":"Parque Hist\u00f3rico Guayaquil, se renueva bajo la administraci\u00f3n de la empresa de Parques Naturales y Espacios P\u00fablicos."},"content":{"rendered":"<p>La Empresa P\u00fablica de Parques Naturales y Espacios P\u00fablicos (EPPNEP), tom\u00f3 a su cargo la administraci\u00f3n de Parque Hist\u00f3rico Guayaquil desde junio de este a\u00f1o. Desde entonces ha realizado un plan de mantenimiento en varios sectores e implement\u00f3 una serie de mejoras en beneficio de los visitantes que recorren las tres zonas del Parque Hist\u00f3rico, reiterando su concepto cultural, tradicional y de preservaci\u00f3n de lo natural.<\/p>\n<p><strong>Zona de vida silvestre<\/strong><\/p>\n<p>La reforestaci\u00f3n del Mangle Rojo, la habilitaci\u00f3n de una nueva Sala de Interacci\u00f3n y el cuidado de especies, han sido las gestiones en el \u00e1rea de Vida Silvestre, que alberga a m\u00e1s de 16 especies en exhibici\u00f3n.<\/p>\n<p>En la Sala de Interacci\u00f3n, los visitantes tienen un contacto m\u00e1s cercano con algunas especies contando adem\u00e1s con personal t\u00e9cnico que comparte las caracter\u00edsticas de cada una y la importancia de cuidar su h\u00e1bitat.<\/p>\n<p>La Sala de Exhibici\u00f3n Temporal se acondicion\u00f3 para la exhibici\u00f3n del gavil\u00e1n pollero, as\u00ed mismo se realiz\u00f3 el mantenimiento del Mirador en la Estaci\u00f3n del \u00c1guila Arp\u00eda.<\/p>\n<p><strong>Zona urbano \u2013 Arquitect\u00f3nica<\/strong><\/p>\n<p>En esta zona se encuentran las casas patrimoniales de la ciudad, se realiz\u00f3 el mantenimiento de la Estaci\u00f3n Fluvial donde los visitantes interact\u00faan con personajes vestidos de la \u00e9poca, los cuales relatan pasajes de la vida guayaquile\u00f1a a finales del siglo XVIII y principios del XIX.<\/p>\n<p><strong>Zona de tradiciones<\/strong><\/p>\n<p>En virtud de dar a los visitantes mayor comodidad se construy\u00f3 un grader\u00edo con materiales maderables reciclados del parque. Este espacio alberga a 150 espectadores que disfrutan los fines de semana de las actividades presentadas por la Fundaci\u00f3n \u201cLos Compadres\u201d relatando entre coplas y amorfinos la vida del montubio de la costa ecuatoriana.<\/p>\n<p>Con la misma finalidad, se ampli\u00f3 el grader\u00edo de la Casa Hacienda, brindando mayor comodidad a las 250 personas que se entretienen con las obras teatrales de la \u00e9poca del boom cacaotero del campo ecuatoriano.<\/p>\n<p>En las plantaciones se construy\u00f3 un riachuelo que simboliza la importancia del agua para el crecimiento de los sembr\u00edos en las bananeras, cafetales y cacaotales.<\/p>\n<p>En la parte posterior se habilit\u00f3 una patera donde decenas de patos se pasean junto a la exhibici\u00f3n de plantas maderables y t\u00f3xicas, esta \u00faltima tiene el objetivo de instruir a nuestros visitantes sobre los peligros de estas y evitar manipularlas.<\/p>\n<p><strong>Planes futuros<\/strong><\/p>\n<p>Los carros urbanos ser\u00e1n habilitados para que los visitantes realicen un paseo a bordo de este transporte que surgi\u00f3 en los primeros a\u00f1os del siglo pasado.<\/p>\n<p>En el \u00e1rea cultural, se implementar\u00e1n presentaciones de grupos folcl\u00f3ricos y se ampliar\u00e1n las obras y sketchs teatrales costumbristas. Adem\u00e1s, para las agendas de julio y octubre tendremos actividades especiales alusivas a la fecha, con artistas reconocidos en el Sal\u00f3n Juli\u00e1n Coronel.<\/p>\n<p>Est\u00e1 programado en el transcurso de los primeros meses del 2013, la implementaci\u00f3n del aviario donde se exhibir\u00e1n distintas especies de aves de nuestro ecosistema.<\/p>\n<p>En la agenda de actividades, se desarrollar\u00e1n adem\u00e1s tem\u00e1ticas ambientales, la celebraci\u00f3n de fechas hist\u00f3ricas y c\u00edvicas.<\/p>\n<p><strong>La foto<\/strong>:<\/p>\n<p><a href=\"http:\/\/www.ambienteyenergia.gob.ec\/ambiente\/wp-content\/uploads\/2012\/12\/345.jpg\"><img loading=\"lazy\" decoding=\"async\" class=\"aligncenter size-full wp-image-8207\" title=\"345\" src=\"http:\/\/www.ambienteyenergia.gob.ec\/ambiente\/wp-content\/uploads\/2012\/12\/345.jpg\" alt=\"\" width=\"650\" height=\"553\" srcset=\"https:\/\/www.ambienteyenergia.gob.ec\/ambiente\/wp-content\/uploads\/sites\/2\/2012\/12\/345.jpg 650w, https:\/\/www.ambienteyenergia.gob.ec\/ambiente\/wp-content\/uploads\/sites\/2\/2012\/12\/345-300x255.jpg 300w, https:\/\/www.ambienteyenergia.gob.ec\/ambiente\/wp-content\/uploads\/sites\/2\/2012\/12\/345-352x300.jpg 352w\" sizes=\"auto, (max-width: 650px) 100vw, 650px\" \/><\/a><\/p>\n","protected":false},"excerpt":{"rendered":"<p class=\"excerpt\">La Empresa P\u00fablica de Parques Naturales y Espacios P\u00fablicos (EPPNEP), tom\u00f3 a su cargo la administraci\u00f3n de Parque Hist\u00f3rico Guayaquil desde junio de este a\u00f1o. Desde entonces ha realizado un plan de mantenimiento en varios sectores e implement\u00f3 una serie de mejoras en beneficio de los visitantes que recorren las tres zonas del Parque Hist\u00f3rico, reiterando su concepto cultural, tradicional&hellip; <a href=\"https:\/\/www.ambienteyenergia.gob.ec\/ambiente\/parque-historico-guayaquil-se-renueva-bajo-la-administracion-de-la-empresa-de-parques-naturales-y-espacios-publicos\/\">Read more &rarr;<\/a><\/p>\n","protected":false},"author":13,"featured_media":8208,"comment_status":"open","ping_status":"open","sticky":false,"template":"","format":"standard","meta":{"footnotes":""},"categories":[16,4],"tags":[175,49],"class_list":["post-8204","post","type-post","status-publish","format-standard","has-post-thumbnail","hentry","category-comunicamos","category-noticias","tag-guayquil","tag-quito","xfolkentry"],"_links":{"self":[{"href":"https:\/\/www.ambienteyenergia.gob.ec\/ambiente\/wp-json\/wp\/v2\/posts\/8204","targetHints":{"allow":["GET"]}}],"collection":[{"href":"https:\/\/www.ambienteyenergia.gob.ec\/ambiente\/wp-json\/wp\/v2\/posts"}],"about":[{"href":"https:\/\/www.ambienteyenergia.gob.ec\/ambiente\/wp-json\/wp\/v2\/types\/post"}],"author":[{"embeddable":true,"href":"https:\/\/www.ambienteyenergia.gob.ec\/ambiente\/wp-json\/wp\/v2\/users\/13"}],"replies":[{"embeddable":true,"href":"https:\/\/www.ambienteyenergia.gob.ec\/ambiente\/wp-json\/wp\/v2\/comments?post=8204"}],"version-history":[{"count":0,"href":"https:\/\/www.ambienteyenergia.gob.ec\/ambiente\/wp-json\/wp\/v2\/posts\/8204\/revisions"}],"wp:featuredmedia":[{"embeddable":true,"href":"https:\/\/www.ambienteyenergia.gob.ec\/ambiente\/wp-json\/wp\/v2\/media\/8208"}],"wp:attachment":[{"href":"https:\/\/www.ambienteyenergia.gob.ec\/ambiente\/wp-json\/wp\/v2\/media?parent=8204"}],"wp:term":[{"taxonomy":"category","embeddable":true,"href":"https:\/\/www.ambienteyenergia.gob.ec\/ambiente\/wp-json\/wp\/v2\/categories?post=8204"},{"taxonomy":"post_tag","embeddable":true,"href":"https:\/\/www.ambienteyenergia.gob.ec\/ambiente\/wp-json\/wp\/v2\/tags?post=8204"}],"curies":[{"name":"wp","href":"https:\/\/api.w.org\/{rel}","templated":true}]}}