{"id":8191,"date":"2012-12-17T10:01:22","date_gmt":"2012-12-17T15:01:22","guid":{"rendered":"http:\/\/www.ambiente.gob.ec\/?p=8191"},"modified":"2012-12-17T10:05:00","modified_gmt":"2012-12-17T15:05:00","slug":"zonas-afectadas-por-los-incendios-son-reforestadas","status":"publish","type":"post","link":"https:\/\/www.ambienteyenergia.gob.ec\/ambiente\/zonas-afectadas-por-los-incendios-son-reforestadas\/","title":{"rendered":"Zonas afectadas por los incendios son reforestadas"},"content":{"rendered":"<p style=\"text-align: left;\">El Ministerio del Ambiente del Ecuador (MAE) junto a la Corporaci\u00f3n El\u00e9ctrica del Ecuador Unidad de Negocio Termopichincha (CELEC EP) y el Gobierno Parroquial de Guangopolo, reforestan 15.49 ha, en la comunidad la Tocglla, Sorialoma y Rumiloma ubicados en el Bosque Protector Flanco Oriental Pichincha \u00abBloque Ilal\u00f3\u00bb. La reforestaci\u00f3n se la realiza desde hace un mes en las zonas que fueron afectadas por los incendios forestales provocados en la \u00e9poca de verano.<\/p>\n<p style=\"text-align: left;\">Este s\u00e1bado 15 de diciembre, gracias al aporte de la propia comunidad y de varias instituciones comprometidas con la reforestaci\u00f3n se realiz\u00f3 un reconocimiento al trabajo que esta por concluir en el sector, durante este tiempo, el MAE asesor\u00f3 en los aspectos t\u00e9cnicos para reforestar la zona y\u00a0adquiri\u00f3 7.750 plantas para ser plantadas en los linderos de los predios (cercas vivas) y en \u00e1reas para formaci\u00f3n de bosquetes, adem\u00e1s coordin\u00f3 la siembra simb\u00f3lica de las \u00faltimas 100 plantas nativas como: cedro, pumamaqui, quishuar, arrayan y chol\u00e1n.<\/p>\n<p style=\"text-align: left;\">Por su parte, el Gobierno Parroquial apoy\u00f3 con las cuadrillas de trabajadores y de la convocatoria a la comunidad, mientras que CELEC EP, realiz\u00f3 el pago de las cuadrillas de trabajadores locales contratadas, y 100 letreros peque\u00f1os para bautizar a los arbolitos. El evento concluy\u00f3 con la entrega de camisetas del MAE a todos los voluntarios que reforestan la zona.<\/p>\n<p style=\"text-align: left;\"><strong>Foto<\/strong>:<\/p>\n<div id='gallery-1' class='gallery galleryid-8191 gallery-columns-3 gallery-size-thumbnail'><dl class='gallery-item'>\n\t\t\t<dt class='gallery-icon landscape'>\n\t\t\t\t<a href='https:\/\/www.ambienteyenergia.gob.ec\/ambiente\/zonas-afectadas-por-los-incendios-son-reforestadas\/1-15\/'><img loading=\"lazy\" decoding=\"async\" width=\"150\" height=\"150\" src=\"https:\/\/www.ambienteyenergia.gob.ec\/ambiente\/wp-content\/uploads\/sites\/2\/2012\/12\/16-150x150.jpg\" class=\"attachment-thumbnail size-thumbnail\" alt=\"\" \/><\/a>\n\t\t\t<\/dt><\/dl><dl class='gallery-item'>\n\t\t\t<dt class='gallery-icon landscape'>\n\t\t\t\t<a href='https:\/\/www.ambienteyenergia.gob.ec\/ambiente\/zonas-afectadas-por-los-incendios-son-reforestadas\/2-8\/'><img loading=\"lazy\" decoding=\"async\" width=\"150\" height=\"150\" src=\"https:\/\/www.ambienteyenergia.gob.ec\/ambiente\/wp-content\/uploads\/sites\/2\/2012\/12\/23-150x150.jpg\" class=\"attachment-thumbnail size-thumbnail\" alt=\"\" \/><\/a>\n\t\t\t<\/dt><\/dl><dl class='gallery-item'>\n\t\t\t<dt class='gallery-icon landscape'>\n\t\t\t\t<a href='https:\/\/www.ambienteyenergia.gob.ec\/ambiente\/zonas-afectadas-por-los-incendios-son-reforestadas\/3-4\/'><img loading=\"lazy\" decoding=\"async\" width=\"150\" height=\"150\" src=\"https:\/\/www.ambienteyenergia.gob.ec\/ambiente\/wp-content\/uploads\/sites\/2\/2012\/12\/32-150x150.jpg\" class=\"attachment-thumbnail size-thumbnail\" alt=\"\" \/><\/a>\n\t\t\t<\/dt><\/dl><br style=\"clear: both\" \/>\n\t\t<\/div>\n\n<p style=\"text-align: left;\">\n","protected":false},"excerpt":{"rendered":"<p class=\"excerpt\">El Ministerio del Ambiente del Ecuador (MAE) junto a la Corporaci\u00f3n El\u00e9ctrica del Ecuador Unidad de Negocio Termopichincha (CELEC EP) y el Gobierno Parroquial de Guangopolo, reforestan 15.49 ha, en la comunidad la Tocglla, Sorialoma y Rumiloma ubicados en el Bosque Protector Flanco Oriental Pichincha \u00abBloque Ilal\u00f3\u00bb. La reforestaci\u00f3n se la realiza desde hace un mes en las zonas que&hellip; <a href=\"https:\/\/www.ambienteyenergia.gob.ec\/ambiente\/zonas-afectadas-por-los-incendios-son-reforestadas\/\">Read more &rarr;<\/a><\/p>\n","protected":false},"author":13,"featured_media":0,"comment_status":"open","ping_status":"open","sticky":false,"template":"","format":"standard","meta":{"footnotes":""},"categories":[16,4],"tags":[48,49,85],"class_list":["post-8191","post","type-post","status-publish","format-standard","hentry","category-comunicamos","category-noticias","tag-ecuador","tag-quito","tag-reforestacion","xfolkentry"],"_links":{"self":[{"href":"https:\/\/www.ambienteyenergia.gob.ec\/ambiente\/wp-json\/wp\/v2\/posts\/8191","targetHints":{"allow":["GET"]}}],"collection":[{"href":"https:\/\/www.ambienteyenergia.gob.ec\/ambiente\/wp-json\/wp\/v2\/posts"}],"about":[{"href":"https:\/\/www.ambienteyenergia.gob.ec\/ambiente\/wp-json\/wp\/v2\/types\/post"}],"author":[{"embeddable":true,"href":"https:\/\/www.ambienteyenergia.gob.ec\/ambiente\/wp-json\/wp\/v2\/users\/13"}],"replies":[{"embeddable":true,"href":"https:\/\/www.ambienteyenergia.gob.ec\/ambiente\/wp-json\/wp\/v2\/comments?post=8191"}],"version-history":[{"count":0,"href":"https:\/\/www.ambienteyenergia.gob.ec\/ambiente\/wp-json\/wp\/v2\/posts\/8191\/revisions"}],"wp:attachment":[{"href":"https:\/\/www.ambienteyenergia.gob.ec\/ambiente\/wp-json\/wp\/v2\/media?parent=8191"}],"wp:term":[{"taxonomy":"category","embeddable":true,"href":"https:\/\/www.ambienteyenergia.gob.ec\/ambiente\/wp-json\/wp\/v2\/categories?post=8191"},{"taxonomy":"post_tag","embeddable":true,"href":"https:\/\/www.ambienteyenergia.gob.ec\/ambiente\/wp-json\/wp\/v2\/tags?post=8191"}],"curies":[{"name":"wp","href":"https:\/\/api.w.org\/{rel}","templated":true}]}}