{"id":8174,"date":"2012-12-15T13:53:40","date_gmt":"2012-12-15T18:53:40","guid":{"rendered":"http:\/\/www.ambiente.gob.ec\/?p=8174"},"modified":"2012-12-17T15:14:57","modified_gmt":"2012-12-17T20:14:57","slug":"3-000-personas-le-cantaron-al-ambiente","status":"publish","type":"post","link":"https:\/\/www.ambienteyenergia.gob.ec\/ambiente\/3-000-personas-le-cantaron-al-ambiente\/","title":{"rendered":"3 000  personas le cantaron al ambiente"},"content":{"rendered":"<p>La Ministra del Ambiente (MAE), Lorena Tapia, elev\u00f3 este s\u00e1bado a la m\u00e1xima potencia su mensaje de compromiso de cuidar el planeta con un concierto destinado a despertar las conciencias dormidas.<\/p>\n<p>La Feria Ecol\u00f3gica \u201cUn Canto por el Ambiente\u201d\u00a0 congreg\u00f3 a cerca de 3 mil personas, en la Explanada del centro C\u00edvico de Guayaquil, donde cinco artistas, junto al p\u00fablico, reflexionaron sobre la contaminaci\u00f3n que ataca al ambiente y, al mismo tiempo, plantearon soluciones para resolver el problema.<\/p>\n<p>Para captar la atenci\u00f3n de la ciudadan\u00eda, el MAE junt\u00f3 a talentos de gran trayectoria. Este es el caso de Mart\u00edn Galarza, conocido en el \u00e1mbito musical c\u00f3mo AU-D, que con sus temas record\u00f3 el inicio del rap en Ecuador.<\/p>\n<p>\u201cNo se olviden se aplicar las cuatro &#8216;R&#8217; en sus labores cotidianas; es decir, Reducir, Reutilizar, Reciclar y Rechazar\u201d, dijo AU-D, antes de entonar su reconocido tema &#8216;Tres notas&#8217;.<\/p>\n<p>La lista de invitados tambi\u00e9n cont\u00f3 con Sharon y Daniel P\u00e1ez; los cantantes a lo largo de su presentaci\u00f3n recodaron el\u00a0 valor que tiene depositar adecuadamente la basura y lo importante de cuidar nuestras \u00e1reas protegidas. \u201cLo que t\u00fa haces cuenta, debemos trabajar todos por un mundo menos contaminado\u00bb, fue el mensaje de la &#8216;hechicera&#8217;.<\/p>\n<p>Alrededor de la 16:30, la autoridad ambiental afirm\u00f3 que este espacio no busca \u00fanicamente cuidar el ambiente, sino generar un compromiso en la ciudadan\u00eda, y mencion\u00f3 que la Feria es un espacio para compartir experiencias y conocer los Programas y Proyectos Emblem\u00e1ticos del MAE.<\/p>\n<p>Acto seguido, la Ministra entreg\u00f3 el premio al relato que m\u00e1s &#8216;Me Gusta&#8217; consigui\u00f3 en Facebook del corcuso Relato George.<\/p>\n<p>La afortunada, Mar\u00eda Fernanda Castro Aguilar, recibi\u00f3 dos pasajes y una gu\u00eda tur\u00edstica a las Islas Gal\u00e1pagos. Su relato sum\u00f3 m\u00e1s de 3 mil &#8216;Likes&#8217;.<\/p>\n<p>La animaci\u00f3n estuvo a cargo de los talentos de TC Televisi\u00f3n, quienes dieron la bienvenida y prendieron con su presencia el evento que ofreci\u00f3 sorpresas, diversi\u00f3n en familia y consejos b\u00e1sicos para el manejo de residuos s\u00f3lidos y la forma de c\u00f3mo podemos ser parte del compromiso ambiental.<\/p>\n<p>Kandela y Son y Las F\u00e9minas tambi\u00e9n cantaron a favor de un medio ambiente sin contaminaci\u00f3n. Los grupos se unieron a la ciudadan\u00eda con un mensaje ecol\u00f3gico del agrado de los asistentes.<\/p>\n<p>&#8216;El ambiente nos necesita, hoy m\u00e1s que nunca debemos tener mayor respeto y cari\u00f1o por nuestros recursos naturales&#8217;, acot\u00f3 Yasu Montero, l\u00edder de las Kandela.<\/p>\n<p><strong>Ambiente l\u00fadico<br \/>\n<\/strong><br \/>\nLa feria tambi\u00e9n cont\u00f3 con 6 stands, que de manera l\u00fadica, exhibieron los proyectos ambientales m\u00e1s importantes del Ecuador. Los asistentes conocieron con detalles los programas impulsados por la Empresa P\u00fablica de Parques con sus proyectos Parque Samanes e Isla Santay, Guayaquil Ecol\u00f3gico con su Proyecto Estero Salado. Asimismo, se instruy\u00f3 sobre el Programa Nacional de Gesti\u00f3n Integral de Desechos S\u00f3lidos, el Programa de \u00c1reas Protegidas, Socio Bosque y el Programa de Reparaci\u00f3n Ambiental y Social (PRAS).<\/p>\n<p>Para la ciudadana Karen Cruz el evento promovi\u00f3 la incorporaci\u00f3n de peque\u00f1as acciones &#8216;verdes&#8217; en la vida diaria que pueden marcar la diferencia. \u00abEstoy convencida que la suma de esfuerzos es clave para tomar conciencia por el ambiente. Este espacio sin duda gener\u00f3 un mensaje de preservaci\u00f3n por la madre tierra\u00bb, asinti\u00f3.<\/p>\n<p>En este sentido, Patricia Aguilar, asistente al evento, rescato que las\u00a0\u00a0buenas pr\u00e1cticas ambientales no solo generan una ciudad m\u00e1s limpia sino un turismo sostenible.<strong><\/strong><\/p>\n<p><strong>M\u00e1s noticias<\/strong><br \/>\n<a href=\"http:\/\/www.ambienteyenergia.gob.ec\/ambiente\/un-canto-por-el-ambiente-la-feria-ecologica\/\" target=\"_blank\"><br \/>\n&#8211; Participa de \u201cUn canto por el ambiente\u201d, La Feria Ecol\u00f3gica <\/a><\/p>\n<p><strong>Fotos<\/strong><\/p>\n<p><a href=\"http:\/\/ow.ly\/gaJas \" target=\"_blank\">&#8211; Mira una fotogaler\u00eda en Facebook<\/a><\/p>\n<p><a href=\"http:\/\/www.ambienteyenergia.gob.ec\/ambiente\/wp-content\/uploads\/2012\/12\/MG_1325-copy.jpg\"><img loading=\"lazy\" decoding=\"async\" class=\"aligncenter size-full wp-image-8184\" title=\"_MG_1325 copy\" src=\"http:\/\/www.ambienteyenergia.gob.ec\/ambiente\/wp-content\/uploads\/2012\/12\/MG_1325-copy.jpg\" alt=\"\" width=\"650\" height=\"513\" srcset=\"https:\/\/www.ambienteyenergia.gob.ec\/ambiente\/wp-content\/uploads\/sites\/2\/2012\/12\/MG_1325-copy.jpg 650w, https:\/\/www.ambienteyenergia.gob.ec\/ambiente\/wp-content\/uploads\/sites\/2\/2012\/12\/MG_1325-copy-300x236.jpg 300w, https:\/\/www.ambienteyenergia.gob.ec\/ambiente\/wp-content\/uploads\/sites\/2\/2012\/12\/MG_1325-copy-380x300.jpg 380w\" sizes=\"auto, (max-width: 650px) 100vw, 650px\" \/><\/a><\/p>\n<p><a href=\"http:\/\/www.ambienteyenergia.gob.ec\/ambiente\/wp-content\/uploads\/2012\/12\/MG_1410-copy.jpg\"><img loading=\"lazy\" decoding=\"async\" class=\"aligncenter size-full wp-image-8185\" title=\"_MG_1410 copy\" src=\"http:\/\/www.ambienteyenergia.gob.ec\/ambiente\/wp-content\/uploads\/2012\/12\/MG_1410-copy.jpg\" alt=\"\" width=\"650\" height=\"463\" srcset=\"https:\/\/www.ambienteyenergia.gob.ec\/ambiente\/wp-content\/uploads\/sites\/2\/2012\/12\/MG_1410-copy.jpg 650w, https:\/\/www.ambienteyenergia.gob.ec\/ambiente\/wp-content\/uploads\/sites\/2\/2012\/12\/MG_1410-copy-300x213.jpg 300w, https:\/\/www.ambienteyenergia.gob.ec\/ambiente\/wp-content\/uploads\/sites\/2\/2012\/12\/MG_1410-copy-421x300.jpg 421w\" sizes=\"auto, (max-width: 650px) 100vw, 650px\" \/><\/a><\/p>\n<p><a href=\"http:\/\/www.ambienteyenergia.gob.ec\/ambiente\/wp-content\/uploads\/2012\/12\/MG_1577-copy.jpg\"><img loading=\"lazy\" decoding=\"async\" class=\"aligncenter size-full wp-image-8186\" title=\"_MG_1577 copy\" src=\"http:\/\/www.ambienteyenergia.gob.ec\/ambiente\/wp-content\/uploads\/2012\/12\/MG_1577-copy.jpg\" alt=\"\" width=\"650\" height=\"477\" srcset=\"https:\/\/www.ambienteyenergia.gob.ec\/ambiente\/wp-content\/uploads\/sites\/2\/2012\/12\/MG_1577-copy.jpg 650w, https:\/\/www.ambienteyenergia.gob.ec\/ambiente\/wp-content\/uploads\/sites\/2\/2012\/12\/MG_1577-copy-300x220.jpg 300w, https:\/\/www.ambienteyenergia.gob.ec\/ambiente\/wp-content\/uploads\/sites\/2\/2012\/12\/MG_1577-copy-408x300.jpg 408w\" sizes=\"auto, (max-width: 650px) 100vw, 650px\" \/><\/a><\/p>\n<p><a href=\"http:\/\/www.ambienteyenergia.gob.ec\/ambiente\/wp-content\/uploads\/2012\/12\/MG_1614-copy.jpg\"><img loading=\"lazy\" decoding=\"async\" class=\"aligncenter size-full wp-image-8187\" title=\"\" src=\"http:\/\/www.ambienteyenergia.gob.ec\/ambiente\/wp-content\/uploads\/2012\/12\/MG_1614-copy.jpg\" alt=\"\" width=\"650\" height=\"387\" srcset=\"https:\/\/www.ambienteyenergia.gob.ec\/ambiente\/wp-content\/uploads\/sites\/2\/2012\/12\/MG_1614-copy.jpg 650w, https:\/\/www.ambienteyenergia.gob.ec\/ambiente\/wp-content\/uploads\/sites\/2\/2012\/12\/MG_1614-copy-300x178.jpg 300w, https:\/\/www.ambienteyenergia.gob.ec\/ambiente\/wp-content\/uploads\/sites\/2\/2012\/12\/MG_1614-copy-500x297.jpg 500w\" sizes=\"auto, (max-width: 650px) 100vw, 650px\" \/><\/a><\/p>\n","protected":false},"excerpt":{"rendered":"<p class=\"excerpt\">La Ministra del Ambiente (MAE), Lorena Tapia, elev\u00f3 este s\u00e1bado a la m\u00e1xima potencia su mensaje de compromiso de cuidar el planeta con un concierto destinado a despertar las conciencias dormidas. La Feria Ecol\u00f3gica \u201cUn Canto por el Ambiente\u201d\u00a0 congreg\u00f3 a cerca de 3 mil personas, en la Explanada del centro C\u00edvico de Guayaquil, donde cinco artistas, junto al p\u00fablico,&hellip; <a href=\"https:\/\/www.ambienteyenergia.gob.ec\/ambiente\/3-000-personas-le-cantaron-al-ambiente\/\">Read more &rarr;<\/a><\/p>\n","protected":false},"author":13,"featured_media":8183,"comment_status":"open","ping_status":"open","sticky":false,"template":"","format":"standard","meta":{"footnotes":""},"categories":[16,4],"tags":[170,68,53,54],"class_list":["post-8174","post","type-post","status-publish","format-standard","has-post-thumbnail","hentry","category-comunicamos","category-noticias","tag-feria-ecologica","tag-guayaquil","tag-mae","tag-ministerio-del-ambiente","xfolkentry"],"_links":{"self":[{"href":"https:\/\/www.ambienteyenergia.gob.ec\/ambiente\/wp-json\/wp\/v2\/posts\/8174","targetHints":{"allow":["GET"]}}],"collection":[{"href":"https:\/\/www.ambienteyenergia.gob.ec\/ambiente\/wp-json\/wp\/v2\/posts"}],"about":[{"href":"https:\/\/www.ambienteyenergia.gob.ec\/ambiente\/wp-json\/wp\/v2\/types\/post"}],"author":[{"embeddable":true,"href":"https:\/\/www.ambienteyenergia.gob.ec\/ambiente\/wp-json\/wp\/v2\/users\/13"}],"replies":[{"embeddable":true,"href":"https:\/\/www.ambienteyenergia.gob.ec\/ambiente\/wp-json\/wp\/v2\/comments?post=8174"}],"version-history":[{"count":0,"href":"https:\/\/www.ambienteyenergia.gob.ec\/ambiente\/wp-json\/wp\/v2\/posts\/8174\/revisions"}],"wp:featuredmedia":[{"embeddable":true,"href":"https:\/\/www.ambienteyenergia.gob.ec\/ambiente\/wp-json\/wp\/v2\/media\/8183"}],"wp:attachment":[{"href":"https:\/\/www.ambienteyenergia.gob.ec\/ambiente\/wp-json\/wp\/v2\/media?parent=8174"}],"wp:term":[{"taxonomy":"category","embeddable":true,"href":"https:\/\/www.ambienteyenergia.gob.ec\/ambiente\/wp-json\/wp\/v2\/categories?post=8174"},{"taxonomy":"post_tag","embeddable":true,"href":"https:\/\/www.ambienteyenergia.gob.ec\/ambiente\/wp-json\/wp\/v2\/tags?post=8174"}],"curies":[{"name":"wp","href":"https:\/\/api.w.org\/{rel}","templated":true}]}}