{"id":8156,"date":"2012-12-14T12:58:26","date_gmt":"2012-12-14T17:58:26","guid":{"rendered":"http:\/\/www.ambiente.gob.ec\/?p=8156"},"modified":"2012-12-14T12:58:26","modified_gmt":"2012-12-14T17:58:26","slug":"firma-de-convenio-interinstitucional-para-construccion-de-parque-ecologico-valencia","status":"publish","type":"post","link":"https:\/\/www.ambienteyenergia.gob.ec\/ambiente\/firma-de-convenio-interinstitucional-para-construccion-de-parque-ecologico-valencia\/","title":{"rendered":"Firma de convenio interinstitucional para construcci\u00f3n de Parque Ecol\u00f3gico Valencia"},"content":{"rendered":"<p style=\"text-align: left;\">Firma de convenio interinstitucional para construcci\u00f3n de Parque Ecol\u00f3gico Valencia.<br \/>\nPor motivo de conmemorarse el XVII Aniversario de cantonizaci\u00f3n del Gobierno Municipal de Valencia, provincia de Los R\u00edos, el Ministerio del Ambiente (MAE), a trav\u00e9s de la Empresa P\u00fablica de Parques Naturales y Espacios P\u00fablicos EP, y el Gobierno Aut\u00f3nomo Descentralizado Municipal del Cant\u00f3n Valencia, realizaron la firma del Convenio Interinstitucional para la construcci\u00f3n del Parque Ecol\u00f3gico de Valencia.<\/p>\n<p style=\"text-align: left;\">La firma fue suscrita entre la Gerente General de la Empresa P\u00fablica de Parques Naturales y Espacios P\u00fablicos EP, Ab. Silvia del Campo Litardo, y el Alcalde del Cant\u00f3n Valencia, Ing. Juan Carlos Troya Fuertes, en el marco de la sesi\u00f3n solemne.<\/p>\n<p style=\"text-align: left;\">La construcci\u00f3n del parque se llevar\u00e1 a cabo dentro de un \u00e1rea aproximada de 9 hect\u00e1reas, cuyo predio pasar\u00e1 a t\u00edtulo de donaci\u00f3n a la Empresa P\u00fablica de Parques por parte del Gobierno Municipal del Cant\u00f3n Valencia para que se proceda con las acciones correspondientes a la construcci\u00f3n del parque de la ciudad. Se implementar\u00e1n bosques, senderos, \u00e1reas verdes, juegos infantiles y otros espacios con la finalidad de brindar un sano esparcimiento y recreaci\u00f3n para los habitantes de Valencia.<\/p>\n<p style=\"text-align: left;\">Los beneficiarios directos del Proyecto se estiman alrededor de 16.983 habitantes, seg\u00fan Censo 2010 del INEC, que viven en la zona urbana de la ciudad de Valencia, barrios y zonas cercanas a la ciudad. Hasta el 2013 se mejorar\u00e1 el \u00edndice de \u00e1reas verdes por habitante en las zonas urbanas de la ciudad de Valencia, la misma que ser\u00e1 de 2.55 m2\/habitante.<\/p>\n<p style=\"text-align: left;\">Valencia, conocido como el \u00abJard\u00edn de Los R\u00edos\u00bb, es uno de los 13 cantones de la provincia de Los R\u00edos y uno de los m\u00e1s j\u00f3venes del Ecuador, es un lugar de tierra f\u00e9rtil para la producci\u00f3n agr\u00edcola.<\/p>\n<p style=\"text-align: left;\">El poder proporcionar a los habitantes de Valencia y sus alrededores de un parque ecol\u00f3gico con \u00e1reas verdes en donde puedan tener un permanente contacto con la naturaleza y su entorno, es el compromiso para generar el Buen Vivir de los ecuatorianos.<\/p>\n<p style=\"text-align: left;\"><strong>La foto:<\/strong><\/p>\n<p style=\"text-align: left;\"><a href=\"http:\/\/www.ambienteyenergia.gob.ec\/ambiente\/wp-content\/uploads\/2012\/12\/j.jpg\"><img loading=\"lazy\" decoding=\"async\" class=\"aligncenter size-full wp-image-8158\" title=\"La Gerente de Parques Ecuador, Silvia Del Campo, el Minisro del Interior, Jos\u00e9 Serrano y el Alcalde de Valencia Juan Carlos Troya.\" src=\"http:\/\/www.ambienteyenergia.gob.ec\/ambiente\/wp-content\/uploads\/2012\/12\/j.jpg\" alt=\"\" width=\"650\" height=\"418\" srcset=\"https:\/\/www.ambienteyenergia.gob.ec\/ambiente\/wp-content\/uploads\/sites\/2\/2012\/12\/j.jpg 650w, https:\/\/www.ambienteyenergia.gob.ec\/ambiente\/wp-content\/uploads\/sites\/2\/2012\/12\/j-300x192.jpg 300w, https:\/\/www.ambienteyenergia.gob.ec\/ambiente\/wp-content\/uploads\/sites\/2\/2012\/12\/j-466x300.jpg 466w\" sizes=\"auto, (max-width: 650px) 100vw, 650px\" \/><\/a><\/p>\n","protected":false},"excerpt":{"rendered":"<p class=\"excerpt\">Firma de convenio interinstitucional para construcci\u00f3n de Parque Ecol\u00f3gico Valencia. Por motivo de conmemorarse el XVII Aniversario de cantonizaci\u00f3n del Gobierno Municipal de Valencia, provincia de Los R\u00edos, el Ministerio del Ambiente (MAE), a trav\u00e9s de la Empresa P\u00fablica de Parques Naturales y Espacios P\u00fablicos EP, y el Gobierno Aut\u00f3nomo Descentralizado Municipal del Cant\u00f3n Valencia, realizaron la firma del Convenio&hellip; <a href=\"https:\/\/www.ambienteyenergia.gob.ec\/ambiente\/firma-de-convenio-interinstitucional-para-construccion-de-parque-ecologico-valencia\/\">Read more &rarr;<\/a><\/p>\n","protected":false},"author":13,"featured_media":8157,"comment_status":"open","ping_status":"open","sticky":false,"template":"","format":"standard","meta":{"footnotes":""},"categories":[16,4],"tags":[],"class_list":["post-8156","post","type-post","status-publish","format-standard","has-post-thumbnail","hentry","category-comunicamos","category-noticias","xfolkentry"],"_links":{"self":[{"href":"https:\/\/www.ambienteyenergia.gob.ec\/ambiente\/wp-json\/wp\/v2\/posts\/8156","targetHints":{"allow":["GET"]}}],"collection":[{"href":"https:\/\/www.ambienteyenergia.gob.ec\/ambiente\/wp-json\/wp\/v2\/posts"}],"about":[{"href":"https:\/\/www.ambienteyenergia.gob.ec\/ambiente\/wp-json\/wp\/v2\/types\/post"}],"author":[{"embeddable":true,"href":"https:\/\/www.ambienteyenergia.gob.ec\/ambiente\/wp-json\/wp\/v2\/users\/13"}],"replies":[{"embeddable":true,"href":"https:\/\/www.ambienteyenergia.gob.ec\/ambiente\/wp-json\/wp\/v2\/comments?post=8156"}],"version-history":[{"count":0,"href":"https:\/\/www.ambienteyenergia.gob.ec\/ambiente\/wp-json\/wp\/v2\/posts\/8156\/revisions"}],"wp:featuredmedia":[{"embeddable":true,"href":"https:\/\/www.ambienteyenergia.gob.ec\/ambiente\/wp-json\/wp\/v2\/media\/8157"}],"wp:attachment":[{"href":"https:\/\/www.ambienteyenergia.gob.ec\/ambiente\/wp-json\/wp\/v2\/media?parent=8156"}],"wp:term":[{"taxonomy":"category","embeddable":true,"href":"https:\/\/www.ambienteyenergia.gob.ec\/ambiente\/wp-json\/wp\/v2\/categories?post=8156"},{"taxonomy":"post_tag","embeddable":true,"href":"https:\/\/www.ambienteyenergia.gob.ec\/ambiente\/wp-json\/wp\/v2\/tags?post=8156"}],"curies":[{"name":"wp","href":"https:\/\/api.w.org\/{rel}","templated":true}]}}