{"id":8125,"date":"2012-12-13T13:03:30","date_gmt":"2012-12-13T18:03:30","guid":{"rendered":"http:\/\/www.ambiente.gob.ec\/?p=8125"},"modified":"2012-12-13T17:20:52","modified_gmt":"2012-12-13T22:20:52","slug":"dialogo-de-la-ministra-lorena-tapia-con-los-medios-de-comunicacion","status":"publish","type":"post","link":"https:\/\/www.ambienteyenergia.gob.ec\/ambiente\/dialogo-de-la-ministra-lorena-tapia-con-los-medios-de-comunicacion\/","title":{"rendered":"Ecuador activo en las negociaciones internacionales sobre cambio clim\u00e1tico \/ Di\u00e1logo de la Ministra Lorena Tapia con la prensa"},"content":{"rendered":"<p style=\"text-align: left;\">La Ministra del Ambiente de Ecuador consider\u00f3 que dentro del contexto de la 18\u00b0 Conferencia de las Partes (COP 18) en Doha (Qatar), la delegaci\u00f3n del MAE sostuvo una participaci\u00f3n activa en las negociaciones internacionales sobre cambio clim\u00e1tico, mostrando un claro inter\u00e9s sobre esta tem\u00e1tica que se encuentra reflejada en el dise\u00f1o de pol\u00edticas nacionales.<\/p>\n<p>Lorena Tapia, hoy (jueves) en rueda de prensa con los corresponsales del pa\u00eds anunci\u00f3 que se alcanz\u00f3 un acuerdo para prorrogar hasta 2020 el segundo periodo de compromiso del Protocolo de Kioto, que expiraba este a\u00f1o.<\/p>\n<p>La m\u00e1xima autoridad ambiental estuvo acompa\u00f1ada por la Viceministra Mercy Borbor; Carola Borja, Subsecretar\u00eda de Cambio Clim\u00e1tico y Tania Villegas, Subsecretar\u00eda de Patrimonio Natural.<\/p>\n<p>El Protocolo de Kyoto es uno de los instrumentos jur\u00eddicos vinculantes internacionales m\u00e1s importantes, contiene los compromisos asumidos por los pa\u00edses industrializados de reducir sus emisiones de gases contaminantes.<\/p>\n<p>Durante el primer periodo de compromisos, que finaliza este a\u00f1o, las emisiones totales de los pa\u00edses desarrollados deber\u00edan haber reducido durante el 2008 al 2012 al menos un 5% respecto a sus niveles de sus emisiones del a\u00f1o 1990. La evaluaci\u00f3n de alcance de esta meta se llevar\u00e1 en los pr\u00f3ximos a\u00f1os.<\/p>\n<p>En este sentido, Carola Borja manifest\u00f3 que uno de los logros mas importantes de la COP 18 fue el enmendar y acordar el segundo periodo de compromisos de Kioto, el cual se extiende desde el 1ero de enero de 2013 hasta diciembre del 2020.<\/p>\n<p>\u00abEl pa\u00eds, en coordinaci\u00f3n con otras naciones en desarrollo, vocifer\u00f3 atenci\u00f3n con respecto a la falta de ambici\u00f3n para acordar metas de reducci\u00f3n de emisiones necesarias. Lo que demandamos fue frenar el incremento global de temperatura a m\u00e1s de 2 grados cent\u00edgrados\u00bb, dijo.<\/p>\n<p>Es este particular, Borja acot\u00f3 que las negociaciones fueron complicadas, pero el acuerdo alcanzado, pese a no cumplir las expectativas cient\u00edficas esperadas, obliga a los pa\u00edses desarrollados a reducir las emisiones de manera ininterrumpida, bajo el marco legal vinculante internacional.<\/p>\n<p>En las negociaciones internacionales de Doha, el pa\u00eds se destac\u00f3 por su liderazgo y participaci\u00f3n en grupos regionales como: el ALBA y Like Minded Developing Countries y el grupo de pa\u00edses en desarrollo del G77+ China. Este \u00faltimo propone balancear los resultados de la Conferencia a favor de los intereses de los pa\u00edses en desarrollo.<\/p>\n<p>\u00abEcuador es reconocido a nivel internacional como un pa\u00eds propositivo, ha llevado varias propuestas a consideracion de la comunidad internacional para brindar opciones y soluciones al gran esfuerzo global que se lleva adelante para combatir el cambio clim\u00e1tico\u00bb, coment\u00f3 la funcionaria y record\u00f3 que se debe resaltar la Iniciativa Yasun\u00ed ITT y el mecanismo de Emisiones Netas Evitadas.<\/p>\n<p>Tambi\u00e9n resalt\u00f3 la propuesta de priorizar mecanismos de fomento de transparencia y el monitoreo, reporte y vinificaci\u00f3n de distribuci\u00f3n de recursos financieros de pa\u00edses desarrollados a pa\u00edses en desarrollo para la implementaci\u00f3n de actividades contra el cambio clim\u00e1tico.<\/p>\n<p>\u00abSe debe resaltar que Ecuador actualmente se lo reconoce por las actividades diversas que lleva adelante a nivel nacional sobre la mitigaci\u00f3n y adaptaci\u00f3n al Cambio Clim\u00e1tico, gracias al apoyo pol\u00edtico que hemos recibido\u00bb, concluy\u00f3 la Subsecretaria.<\/p>\n<p><strong>Otros temas<\/strong><\/p>\n<p>Por otro lado y ante la pregunta de un periodista sobre la XI Ronda Petrolera, presentada hace pocos d\u00edas por el Gobierno, la Ministra ratific\u00f3 que est\u00e1 cuenta con altas condiciones y procesos de respeto al medio ambiente.<\/p>\n<p>Tapia a\u00f1adi\u00f3 que el proceso se realizar\u00e1 con las m\u00e1s estrictas normas ambientales, por lo que los participantes deber\u00e1n pagar anticipos de utilidades, que ser\u00e1n divididos entre los bloques implicados y que se destinar\u00e1n para atender las necesidades de ambiente y nacionalidades que se asientan en las zonas donde se extraer\u00e1 el crudo.<\/p>\n<p>\u00abTodos los que participan conocen los datos t\u00e9cnicos, econ\u00f3micos y ambientales. El MAE realizar\u00e1 un constante monitoreo de los m\u00e9todos de evaluaci\u00f3n al presentar las ofertas y el sistema de evaluaci\u00f3n ambiental\u00bb, dijo.<\/p>\n<p>Finalmente, la Ministra inform\u00f3 sobre el accidente de la turista alemana en el volc\u00e1n Rumi\u00f1ahui (Cotopaxi) e invit\u00f3 a los medios de comunicaci\u00f3n que ayuden a propagar el mensaje de sensibilizaci\u00f3n y precauci\u00f3n que el MAE difunde sobre \u00e1reas protegidas.<\/p>\n<p>Tania Villegas a\u00f1adi\u00f3 que la turista realiz\u00f3 un ascenso en solitario y sin un gu\u00eda especializado en alta monta\u00f1a, producto de lo cual sufri\u00f3 una ca\u00edda de 120 metros (aprox), en la arista sur de la cumbre del volc\u00e1n Rumi\u00f1ahui, falleciendo.<\/p>\n<p>\u00abTrabajamos con el GOE, GIR, Bomberos de Quito, Fuerzas Armadas (Brigada Patria), la Subsecretar\u00eda de Riesgos y Polic\u00eda Nacional, quienes iniciaron desde el viernes pasado labores de b\u00fasqueda y rescate. Lamentablemente se encontr\u00f3 el cuerpo sin vida de la joven\u00bb, asinti\u00f3.<\/p>\n<p><strong>Audio<\/strong>:<\/p>\n<p><iframe loading=\"lazy\" src=\"https:\/\/w.soundcloud.com\/player\/?url=http%3A%2F%2Fapi.soundcloud.com%2Ftracks%2F71103075\" frameborder=\"no\" scrolling=\"no\" width=\"100%\" height=\"166\"><\/iframe><\/p>\n","protected":false},"excerpt":{"rendered":"<p class=\"excerpt\">La Ministra del Ambiente de Ecuador consider\u00f3 que dentro del contexto de la 18\u00b0 Conferencia de las Partes (COP 18) en Doha (Qatar), la delegaci\u00f3n del MAE sostuvo una participaci\u00f3n activa en las negociaciones internacionales sobre cambio clim\u00e1tico, mostrando un claro inter\u00e9s sobre esta tem\u00e1tica que se encuentra reflejada en el dise\u00f1o de pol\u00edticas nacionales. Lorena Tapia, hoy (jueves) en&hellip; <a href=\"https:\/\/www.ambienteyenergia.gob.ec\/ambiente\/dialogo-de-la-ministra-lorena-tapia-con-los-medios-de-comunicacion\/\">Read more &rarr;<\/a><\/p>\n","protected":false},"author":13,"featured_media":8127,"comment_status":"open","ping_status":"open","sticky":false,"template":"","format":"standard","meta":{"footnotes":""},"categories":[16,4],"tags":[],"class_list":["post-8125","post","type-post","status-publish","format-standard","has-post-thumbnail","hentry","category-comunicamos","category-noticias","xfolkentry"],"_links":{"self":[{"href":"https:\/\/www.ambienteyenergia.gob.ec\/ambiente\/wp-json\/wp\/v2\/posts\/8125","targetHints":{"allow":["GET"]}}],"collection":[{"href":"https:\/\/www.ambienteyenergia.gob.ec\/ambiente\/wp-json\/wp\/v2\/posts"}],"about":[{"href":"https:\/\/www.ambienteyenergia.gob.ec\/ambiente\/wp-json\/wp\/v2\/types\/post"}],"author":[{"embeddable":true,"href":"https:\/\/www.ambienteyenergia.gob.ec\/ambiente\/wp-json\/wp\/v2\/users\/13"}],"replies":[{"embeddable":true,"href":"https:\/\/www.ambienteyenergia.gob.ec\/ambiente\/wp-json\/wp\/v2\/comments?post=8125"}],"version-history":[{"count":0,"href":"https:\/\/www.ambienteyenergia.gob.ec\/ambiente\/wp-json\/wp\/v2\/posts\/8125\/revisions"}],"wp:featuredmedia":[{"embeddable":true,"href":"https:\/\/www.ambienteyenergia.gob.ec\/ambiente\/wp-json\/wp\/v2\/media\/8127"}],"wp:attachment":[{"href":"https:\/\/www.ambienteyenergia.gob.ec\/ambiente\/wp-json\/wp\/v2\/media?parent=8125"}],"wp:term":[{"taxonomy":"category","embeddable":true,"href":"https:\/\/www.ambienteyenergia.gob.ec\/ambiente\/wp-json\/wp\/v2\/categories?post=8125"},{"taxonomy":"post_tag","embeddable":true,"href":"https:\/\/www.ambienteyenergia.gob.ec\/ambiente\/wp-json\/wp\/v2\/tags?post=8125"}],"curies":[{"name":"wp","href":"https:\/\/api.w.org\/{rel}","templated":true}]}}