{"id":8095,"date":"2012-12-12T07:45:56","date_gmt":"2012-12-12T12:45:56","guid":{"rendered":"http:\/\/www.ambiente.gob.ec\/?p=8095"},"modified":"2012-12-13T17:20:44","modified_gmt":"2012-12-13T22:20:44","slug":"accidente-se-turista-alemana-en-el-volcan-ruminahui","status":"publish","type":"post","link":"https:\/\/www.ambienteyenergia.gob.ec\/ambiente\/accidente-se-turista-alemana-en-el-volcan-ruminahui\/","title":{"rendered":"Accidente de turista alemana en el volc\u00e1n Rumi\u00f1ahui\u00a0"},"content":{"rendered":"<p style=\"text-align: left;\">El pasado 7 de diciembre, una turista alemana de nombre Anne Thieme, de 34 a\u00f1os de edad, residente en nuestro pa\u00eds desde hace 4 meses, visit\u00f3 el Parque Nacional Cotopaxi.<\/p>\n<p style=\"text-align: left;\">El objetivo de la turista era ascender hacia el Volc\u00e1n Rumi\u00f1ahui, pero por la poca experiencia y al no acatar las disposiciones de \u00e9sta \u00c1rea de Conservaci\u00f3n realiz\u00f3 un ascenso en solitario y sin un gu\u00eda especializado en alta monta\u00f1a, producto de lo cual sufri\u00f3 una ca\u00edda de 120 metros aproximadamente, en la arista sur de la cumbre del volc\u00e1n Rumi\u00f1ahui, falleciendo de contado.<\/p>\n<p style=\"text-align: left;\">El Ministerio del Ambiente, GOE, GIR, Bomberos de Quito, Fuerzas Armadas (Brigada Patria), la Subsecretar\u00eda de Riesgos y Polic\u00eda Nacional iniciaron desde el viernes pasado labores de b\u00fasqueda y rescate. Lamentablemente, hoy (jueves) encontraron el cuerpo sin vida de la joven, cerca de las 11h30.<\/p>\n<p style=\"text-align: left;\">La causa de la muerte se presume fue la falta de experiencia en monta\u00f1a. La turista evadi\u00f3 el control de ingreso del Parque Nacional Cotopaxi, por lo que su ascenso no cont\u00f3 con toda las normas de seguridad debidas para este tipo de deportes.<\/p>\n","protected":false},"excerpt":{"rendered":"<p class=\"excerpt\">El pasado 7 de diciembre, una turista alemana de nombre Anne Thieme, de 34 a\u00f1os de edad, residente en nuestro pa\u00eds desde hace 4 meses, visit\u00f3 el Parque Nacional Cotopaxi. El objetivo de la turista era ascender hacia el Volc\u00e1n Rumi\u00f1ahui, pero por la poca experiencia y al no acatar las disposiciones de \u00e9sta \u00c1rea de Conservaci\u00f3n realiz\u00f3 un ascenso&hellip; <a href=\"https:\/\/www.ambienteyenergia.gob.ec\/ambiente\/accidente-se-turista-alemana-en-el-volcan-ruminahui\/\">Read more &rarr;<\/a><\/p>\n","protected":false},"author":13,"featured_media":0,"comment_status":"open","ping_status":"open","sticky":false,"template":"","format":"standard","meta":{"footnotes":""},"categories":[16,4],"tags":[],"class_list":["post-8095","post","type-post","status-publish","format-standard","hentry","category-comunicamos","category-noticias","xfolkentry"],"_links":{"self":[{"href":"https:\/\/www.ambienteyenergia.gob.ec\/ambiente\/wp-json\/wp\/v2\/posts\/8095","targetHints":{"allow":["GET"]}}],"collection":[{"href":"https:\/\/www.ambienteyenergia.gob.ec\/ambiente\/wp-json\/wp\/v2\/posts"}],"about":[{"href":"https:\/\/www.ambienteyenergia.gob.ec\/ambiente\/wp-json\/wp\/v2\/types\/post"}],"author":[{"embeddable":true,"href":"https:\/\/www.ambienteyenergia.gob.ec\/ambiente\/wp-json\/wp\/v2\/users\/13"}],"replies":[{"embeddable":true,"href":"https:\/\/www.ambienteyenergia.gob.ec\/ambiente\/wp-json\/wp\/v2\/comments?post=8095"}],"version-history":[{"count":0,"href":"https:\/\/www.ambienteyenergia.gob.ec\/ambiente\/wp-json\/wp\/v2\/posts\/8095\/revisions"}],"wp:attachment":[{"href":"https:\/\/www.ambienteyenergia.gob.ec\/ambiente\/wp-json\/wp\/v2\/media?parent=8095"}],"wp:term":[{"taxonomy":"category","embeddable":true,"href":"https:\/\/www.ambienteyenergia.gob.ec\/ambiente\/wp-json\/wp\/v2\/categories?post=8095"},{"taxonomy":"post_tag","embeddable":true,"href":"https:\/\/www.ambienteyenergia.gob.ec\/ambiente\/wp-json\/wp\/v2\/tags?post=8095"}],"curies":[{"name":"wp","href":"https:\/\/api.w.org\/{rel}","templated":true}]}}