{"id":8092,"date":"2012-12-12T17:58:50","date_gmt":"2012-12-12T22:58:50","guid":{"rendered":"http:\/\/www.ambiente.gob.ec\/?p=8092"},"modified":"2012-12-13T09:02:52","modified_gmt":"2012-12-13T14:02:52","slug":"convocatoria-de-prensa-dialogo-con-la-ministra-del-ambiente-lorena-tapia","status":"publish","type":"post","link":"https:\/\/www.ambienteyenergia.gob.ec\/ambiente\/convocatoria-de-prensa-dialogo-con-la-ministra-del-ambiente-lorena-tapia\/","title":{"rendered":"Convocatoria de Prensa \/ Di\u00e1logo con la Ministra del Ambiente, Lorena Tapia"},"content":{"rendered":"<p><strong>Quito, 12 de Diciembre de 2012<\/strong><\/p>\n<p>Por medio del presente correo, invitamos a los representantes de los medios de comunicaci\u00f3n a la rueda de prensa que la Sra. Ministra del Ambiente Lorena Tapia brindar\u00e1 el d\u00eda de ma\u00f1ana, jueves 13 de diciembre, a las 11h00 en las instalaciones de esta cartera de estado, ubicada en la calle Madrid 1159 y Andaluc\u00eda.<\/p>\n<p>En este evento se dar\u00e1n a conocer los resultados obtenidos en la Conferencia de las Partes (COP18) que se realiz\u00f3 en Doha y varios temas de inter\u00e9s nacional.<\/p>\n<p>Esperamos contar con su presencia.<\/p>\n","protected":false},"excerpt":{"rendered":"<p class=\"excerpt\">Quito, 12 de Diciembre de 2012 Por medio del presente correo, invitamos a los representantes de los medios de comunicaci\u00f3n a la rueda de prensa que la Sra. Ministra del Ambiente Lorena Tapia brindar\u00e1 el d\u00eda de ma\u00f1ana, jueves 13 de diciembre, a las 11h00 en las instalaciones de esta cartera de estado, ubicada en la calle Madrid 1159 y&hellip; <a href=\"https:\/\/www.ambienteyenergia.gob.ec\/ambiente\/convocatoria-de-prensa-dialogo-con-la-ministra-del-ambiente-lorena-tapia\/\">Read more &rarr;<\/a><\/p>\n","protected":false},"author":13,"featured_media":0,"comment_status":"open","ping_status":"open","sticky":false,"template":"","format":"standard","meta":{"footnotes":""},"categories":[16,4],"tags":[],"class_list":["post-8092","post","type-post","status-publish","format-standard","hentry","category-comunicamos","category-noticias","xfolkentry"],"_links":{"self":[{"href":"https:\/\/www.ambienteyenergia.gob.ec\/ambiente\/wp-json\/wp\/v2\/posts\/8092","targetHints":{"allow":["GET"]}}],"collection":[{"href":"https:\/\/www.ambienteyenergia.gob.ec\/ambiente\/wp-json\/wp\/v2\/posts"}],"about":[{"href":"https:\/\/www.ambienteyenergia.gob.ec\/ambiente\/wp-json\/wp\/v2\/types\/post"}],"author":[{"embeddable":true,"href":"https:\/\/www.ambienteyenergia.gob.ec\/ambiente\/wp-json\/wp\/v2\/users\/13"}],"replies":[{"embeddable":true,"href":"https:\/\/www.ambienteyenergia.gob.ec\/ambiente\/wp-json\/wp\/v2\/comments?post=8092"}],"version-history":[{"count":0,"href":"https:\/\/www.ambienteyenergia.gob.ec\/ambiente\/wp-json\/wp\/v2\/posts\/8092\/revisions"}],"wp:attachment":[{"href":"https:\/\/www.ambienteyenergia.gob.ec\/ambiente\/wp-json\/wp\/v2\/media?parent=8092"}],"wp:term":[{"taxonomy":"category","embeddable":true,"href":"https:\/\/www.ambienteyenergia.gob.ec\/ambiente\/wp-json\/wp\/v2\/categories?post=8092"},{"taxonomy":"post_tag","embeddable":true,"href":"https:\/\/www.ambienteyenergia.gob.ec\/ambiente\/wp-json\/wp\/v2\/tags?post=8092"}],"curies":[{"name":"wp","href":"https:\/\/api.w.org\/{rel}","templated":true}]}}