{"id":8088,"date":"2012-12-12T17:55:28","date_gmt":"2012-12-12T22:55:28","guid":{"rendered":"http:\/\/www.ambiente.gob.ec\/?p=8088"},"modified":"2012-12-12T17:55:28","modified_gmt":"2012-12-12T22:55:28","slug":"noruega-y-ecuador-evuluan-cooperacion-en-mecanismo-redd","status":"publish","type":"post","link":"https:\/\/www.ambienteyenergia.gob.ec\/ambiente\/noruega-y-ecuador-evuluan-cooperacion-en-mecanismo-redd\/","title":{"rendered":"Noruega y Ecuador evul\u00faan cooperaci\u00f3n en mecanismo REDD+"},"content":{"rendered":"<p style=\"text-align: left;\">El ExMinistro de Ambiente de Noruega, Erik Solheim, lider\u00f3 la delegaci\u00f3n noordica enviada a Ecuador para conocer con detalles las iniciativas nacionales realizadas para apoyar los esfuerzos de mitigaci\u00f3n contra el cambio clim\u00e1tico.<\/p>\n<p>La cita, realizada el 10 y 11 de diciembre, fue de car\u00e1cter experimental. El Ministerio del Ambiente (MAE), a trav\u00e9s de los equipos t\u00e9cnicos de las Subsecretar\u00edas de Cambio Clim\u00e1tico y Patrimonio Natural, present\u00f3 los avances del pa\u00eds en la fase de preparaci\u00f3n nacional para la implementaci\u00f3n del mecanismo REDD+ y los logros alcanzados y lecciones aprendidas del Programa emblem\u00e1tico Socio Bosque.<\/p>\n<p>El primer d\u00eda, la delegaci\u00f3n europea visit\u00f3 la comunidad Oyacachi (Napo) para conocer la labor de conservaci\u00f3n y turismo comunitario realizadoen en el p\u00e1ramo.<\/p>\n<p>Actualmanete, Noruega no es un cooperante oficial en Ecuador; sin embargo, su apoyo es escencial en temas de ambiente para la regi\u00f3n. Por ejemplo, en Brasil coopera en la conservaci\u00f3n de bosques amaz\u00f3nicos.<\/p>\n<p>A parte de Solheim, la Delegaci\u00f3n de alto nivel estuvo conformada por Hans Brattskar, Director General de la Iniciativa Internacional de Clima y Bosques (NICFI) del Ministerio de Noruega; Are Nagoda, Primer Secretario de la Embajada de Noruega en Chile; Gry Asp Solstad, Asesora de la NICFI en temas de Latinoam\u00e9rica; y Anahita Yousefi, Oficial ejecutivo de la NICFI para Latinoam\u00e9rica.<\/p>\n<p>De su parte, el MAE estuvo representado por la Viceministra Mercy Borbor, la Subsecretaria de Cambio Clim\u00e1tico, Carola Borja; la Subsecretaria de Patrimonio Natural, Tania Villegas; el Gerente del Programa Socio Bosque, Max Lascano y equipos t\u00e9cnicos.<\/p>\n<p><strong>Pr\u00f3ximos pasos<\/strong><\/p>\n<p>El MAE continuar\u00e1 con los di\u00e1logos de cooperaci\u00f3n y dar\u00e1 seguimiento a los procesos correspondientes para presentar una propuesta sobre temas prioritarios para el pa\u00eds en 2013.<\/p>\n","protected":false},"excerpt":{"rendered":"<p class=\"excerpt\">El ExMinistro de Ambiente de Noruega, Erik Solheim, lider\u00f3 la delegaci\u00f3n noordica enviada a Ecuador para conocer con detalles las iniciativas nacionales realizadas para apoyar los esfuerzos de mitigaci\u00f3n contra el cambio clim\u00e1tico. La cita, realizada el 10 y 11 de diciembre, fue de car\u00e1cter experimental. El Ministerio del Ambiente (MAE), a trav\u00e9s de los equipos t\u00e9cnicos de las Subsecretar\u00edas&hellip; <a href=\"https:\/\/www.ambienteyenergia.gob.ec\/ambiente\/noruega-y-ecuador-evuluan-cooperacion-en-mecanismo-redd\/\">Read more &rarr;<\/a><\/p>\n","protected":false},"author":13,"featured_media":8089,"comment_status":"open","ping_status":"open","sticky":false,"template":"","format":"standard","meta":{"footnotes":""},"categories":[16,4],"tags":[],"class_list":["post-8088","post","type-post","status-publish","format-standard","has-post-thumbnail","hentry","category-comunicamos","category-noticias","xfolkentry"],"_links":{"self":[{"href":"https:\/\/www.ambienteyenergia.gob.ec\/ambiente\/wp-json\/wp\/v2\/posts\/8088","targetHints":{"allow":["GET"]}}],"collection":[{"href":"https:\/\/www.ambienteyenergia.gob.ec\/ambiente\/wp-json\/wp\/v2\/posts"}],"about":[{"href":"https:\/\/www.ambienteyenergia.gob.ec\/ambiente\/wp-json\/wp\/v2\/types\/post"}],"author":[{"embeddable":true,"href":"https:\/\/www.ambienteyenergia.gob.ec\/ambiente\/wp-json\/wp\/v2\/users\/13"}],"replies":[{"embeddable":true,"href":"https:\/\/www.ambienteyenergia.gob.ec\/ambiente\/wp-json\/wp\/v2\/comments?post=8088"}],"version-history":[{"count":0,"href":"https:\/\/www.ambienteyenergia.gob.ec\/ambiente\/wp-json\/wp\/v2\/posts\/8088\/revisions"}],"wp:featuredmedia":[{"embeddable":true,"href":"https:\/\/www.ambienteyenergia.gob.ec\/ambiente\/wp-json\/wp\/v2\/media\/8089"}],"wp:attachment":[{"href":"https:\/\/www.ambienteyenergia.gob.ec\/ambiente\/wp-json\/wp\/v2\/media?parent=8088"}],"wp:term":[{"taxonomy":"category","embeddable":true,"href":"https:\/\/www.ambienteyenergia.gob.ec\/ambiente\/wp-json\/wp\/v2\/categories?post=8088"},{"taxonomy":"post_tag","embeddable":true,"href":"https:\/\/www.ambienteyenergia.gob.ec\/ambiente\/wp-json\/wp\/v2\/tags?post=8088"}],"curies":[{"name":"wp","href":"https:\/\/api.w.org\/{rel}","templated":true}]}}