{"id":8076,"date":"2012-12-12T14:59:31","date_gmt":"2012-12-12T19:59:31","guid":{"rendered":"http:\/\/www.ambiente.gob.ec\/?p=8076"},"modified":"2012-12-15T12:43:55","modified_gmt":"2012-12-15T17:43:55","slug":"un-canto-por-el-ambiente-la-feria-ecologica","status":"publish","type":"post","link":"https:\/\/www.ambienteyenergia.gob.ec\/ambiente\/un-canto-por-el-ambiente-la-feria-ecologica\/","title":{"rendered":"\u201cUn canto por el ambiente\u201d, La Feria Ecol\u00f3gica"},"content":{"rendered":"<p style=\"text-align: left;\" align=\"JUSTIFY\"><strong><\/strong><span style=\"font-family: arial,helvetica,sans-serif;\">Toneladas de basura, d\u00eda a d\u00eda se generan en el mundo sin ser noticia para nadie. Todo lo que consumimos implica la extracci\u00f3n de recursos naturales y generaci\u00f3n de residuos que provocan da\u00f1os ambientales cada vez m\u00e1s acelerados. Por esta raz\u00f3n varios artistas ecuatorianos se unen para concienciar y fomentar en la ciudadan\u00eda el compromiso de cuidar el planeta a trav\u00e9s de \u201cUn Canto por el Ambiente\u201d. <\/span><\/p>\n<p style=\"text-align: left;\" align=\"JUSTIFY\"><span style=\"font-family: arial,helvetica,sans-serif;\">Hoy, de 14:00 a 18:00 se llevar\u00e1 a cabo la Feria Ecol\u00f3gica \u201cUn Canto por el Ambiente\u201d, en donde artistas nacionales como AU-D, Kandela y Son, Mr. Wilson, entre otros, se dar\u00e1n cita en la Explanada del Centro C\u00edvico de la ciudad de Guayaquil. Un evento que ofrece muchas sorpresas, diversi\u00f3n en familia y sobre todo consejos b\u00e1sicos para una mejor manejo de residuos s\u00f3lidos, el cuidado del medio ambiente y la forma de c\u00f3mo podemos ser parte de \u00e9ste compromiso ambiental con el planeta. <\/span><\/p>\n<p style=\"text-align: left;\" align=\"JUSTIFY\"><span style=\"font-family: arial,helvetica,sans-serif;\">La Feria Ecol\u00f3gica \u201cUn Canto por el Ambiente\u201d contar\u00e1 adem\u00e1s con 6 stands, que mostrar\u00e1n de manera l\u00fadica los proyectos ambientales m\u00e1s importantes en el Ecuador. Estar\u00e1 presente la Empresa P\u00fablica de Parques con sus proyectos Parque Samanes e Isla Santay, Guayaquil Ecol\u00f3gico con su Proyecto Estero Salado, el Programa Nacional de Gesti\u00f3n Integral de Desechos S\u00f3lidos, Programa de \u00c1reas Protegidas, Socio-Bosque y el Programa de Reparaci\u00f3n Ambiental y Social. <\/span><\/p>\n<p style=\"text-align: left;\" align=\"JUSTIFY\"><span style=\"font-family: arial,helvetica,sans-serif;\">\u201cUn Canto por el Ambiente\u201d promete ser un evento educativo, musical , divertido, donde los asistentes podr\u00e1n pasar una tarde especial que contar\u00e1 con la presencia de los talentos de TC Televisi\u00f3n, quienes dar\u00e1n la bienvenida y animar\u00e1n con su presencia esta feria. <\/span><\/p>\n<p style=\"text-align: left;\" align=\"JUSTIFY\"><span style=\"font-family: arial,helvetica,sans-serif;\">Este evento avalado por el Ministerio del Ambiente busca darle una perspectiva diferente a estas festividades para unir a la ciudadan\u00eda con un mensaje ecol\u00f3gico, que esperamos sea del agrado de los asistentes.<\/span><\/p>\n<p style=\"text-align: left;\" align=\"JUSTIFY\">Agradecemos la difusi\u00f3n de esta convocatoria y esperamos contar con su presencia.<\/p>\n<p style=\"text-align: left;\" align=\"JUSTIFY\"><a href=\"http:\/\/www.ambienteyenergia.gob.ec\/ambiente\/wp-content\/uploads\/2012\/12\/121.jpg\"><img loading=\"lazy\" decoding=\"async\" class=\"size-full wp-image-8151 alignnone\" title=\"\" src=\"http:\/\/www.ambienteyenergia.gob.ec\/ambiente\/wp-content\/uploads\/2012\/12\/121.jpg\" alt=\"\" width=\"650\" height=\"325\" srcset=\"https:\/\/www.ambienteyenergia.gob.ec\/ambiente\/wp-content\/uploads\/sites\/2\/2012\/12\/121.jpg 650w, https:\/\/www.ambienteyenergia.gob.ec\/ambiente\/wp-content\/uploads\/sites\/2\/2012\/12\/121-300x150.jpg 300w, https:\/\/www.ambienteyenergia.gob.ec\/ambiente\/wp-content\/uploads\/sites\/2\/2012\/12\/121-500x250.jpg 500w\" sizes=\"auto, (max-width: 650px) 100vw, 650px\" \/><\/a><\/p>\n","protected":false},"excerpt":{"rendered":"<p class=\"excerpt\">Toneladas de basura, d\u00eda a d\u00eda se generan en el mundo sin ser noticia para nadie. Todo lo que consumimos implica la extracci\u00f3n de recursos naturales y generaci\u00f3n de residuos que provocan da\u00f1os ambientales cada vez m\u00e1s acelerados. Por esta raz\u00f3n varios artistas ecuatorianos se unen para concienciar y fomentar en la ciudadan\u00eda el compromiso de cuidar el planeta a&hellip; <a href=\"https:\/\/www.ambienteyenergia.gob.ec\/ambiente\/un-canto-por-el-ambiente-la-feria-ecologica\/\">Read more &rarr;<\/a><\/p>\n","protected":false},"author":13,"featured_media":0,"comment_status":"open","ping_status":"open","sticky":false,"template":"","format":"standard","meta":{"footnotes":""},"categories":[16,4],"tags":[171,48,170,68,53,54],"class_list":["post-8076","post","type-post","status-publish","format-standard","hentry","category-comunicamos","category-noticias","tag-daniel-paez","tag-ecuador","tag-feria-ecologica","tag-guayaquil","tag-mae","tag-ministerio-del-ambiente","xfolkentry"],"_links":{"self":[{"href":"https:\/\/www.ambienteyenergia.gob.ec\/ambiente\/wp-json\/wp\/v2\/posts\/8076","targetHints":{"allow":["GET"]}}],"collection":[{"href":"https:\/\/www.ambienteyenergia.gob.ec\/ambiente\/wp-json\/wp\/v2\/posts"}],"about":[{"href":"https:\/\/www.ambienteyenergia.gob.ec\/ambiente\/wp-json\/wp\/v2\/types\/post"}],"author":[{"embeddable":true,"href":"https:\/\/www.ambienteyenergia.gob.ec\/ambiente\/wp-json\/wp\/v2\/users\/13"}],"replies":[{"embeddable":true,"href":"https:\/\/www.ambienteyenergia.gob.ec\/ambiente\/wp-json\/wp\/v2\/comments?post=8076"}],"version-history":[{"count":0,"href":"https:\/\/www.ambienteyenergia.gob.ec\/ambiente\/wp-json\/wp\/v2\/posts\/8076\/revisions"}],"wp:attachment":[{"href":"https:\/\/www.ambienteyenergia.gob.ec\/ambiente\/wp-json\/wp\/v2\/media?parent=8076"}],"wp:term":[{"taxonomy":"category","embeddable":true,"href":"https:\/\/www.ambienteyenergia.gob.ec\/ambiente\/wp-json\/wp\/v2\/categories?post=8076"},{"taxonomy":"post_tag","embeddable":true,"href":"https:\/\/www.ambienteyenergia.gob.ec\/ambiente\/wp-json\/wp\/v2\/tags?post=8076"}],"curies":[{"name":"wp","href":"https:\/\/api.w.org\/{rel}","templated":true}]}}