{"id":8067,"date":"2012-12-12T13:30:24","date_gmt":"2012-12-12T18:30:24","guid":{"rendered":"http:\/\/www.ambiente.gob.ec\/?p=8067"},"modified":"2012-12-12T13:39:40","modified_gmt":"2012-12-12T18:39:40","slug":"un-intercambio-para-el-cambio-taller-de-experiencias-socio-bosque","status":"publish","type":"post","link":"https:\/\/www.ambienteyenergia.gob.ec\/ambiente\/un-intercambio-para-el-cambio-taller-de-experiencias-socio-bosque\/","title":{"rendered":"\u201cUn intercambio para el cambio\u201d, taller de experiencias Socio Bosque"},"content":{"rendered":"<p style=\"text-align: left;\">\u00abSi supiera que el mundo se acaba ma\u00f1ana, yo, hoy todav\u00eda, plantar\u00eda un \u00e1rbol, dice un pensamiento de Martin Luther King, que nos muestra la esperanza en un mundo que creemos agotado\u00bb, fueron las palabras de la Ministra del Ambiente, Lorena Tapia, en acto de apertura de la feria de experiencias de Socio Bosque.<\/p>\n<p>La m\u00e1xima autoridad ambiental afirm\u00f3 que Socio Bosque no busca \u00fanicamente cuidar la naturaleza, sino generar un compromiso de quienes la habitan, y mencion\u00f3 que este taller servir\u00e1 para compartir experiencias en diversos campos que van desde un banco comunitario, pasando por el mejoramiento de cultivos, buenas pr\u00e1cticas ambientales rurales hasta los aportes del turismo comunitario.<\/p>\n<p>\u00abPa\u00edses como Per\u00fa y Bolivia han replicado la iniciativa Socio Bosque, Alemania ha iniciado un apoyo financiero y el Programa es cada vez m\u00e1s reconocido a nivel internacional, siendo buscado para investigaciones y publicaciones internacionales\u00bb, dijo.<\/p>\n<p>Socio Bosque es un programa creado por el gobierno del Ecuador para conservar los bosques y p\u00e1ramos nativos. Uno de sus objetivos consiste en el mejoramiento de la calidad\u00a0 de vida de quienes habitan en estos ecosistemas nativos.<\/p>\n<p>En el evento, el beneficiario esmeralde\u00f1o Efra\u00edn Orobio acot\u00f3 que antes se viv\u00eda de la tala de \u00e1rboles, pero porque no ten\u00edamos otro medio de vida. \u00abHoy, el dinero que nos entrega el Gobierno, nos sirve para nuestros hijos y a la vez protegemos la naturaleza\u201d, dijo Efra\u00edn.<\/p>\n<p>El Gobierno de la Revoluci\u00f3n Ciudadana ha invertido en conservaci\u00f3n de bosques y p\u00e1ramos nativos USD 18 millones mediante el funcionamiento de este Programa de Estado en sus casi cuatro a\u00f1os aproximadamente.<\/p>\n<p>En la actualidad, Socio Bosque conserva cerca de un mill\u00f3n 114 mil hect\u00e1reas de bosques y p\u00e1ramos nativos, adem\u00e1s registra 126 mil beneficiarios en todos los rincones de la patria. En este 2012, esta iniciativa ambiental registr\u00f3 el primer mill\u00f3n de hect\u00e1reas conservadas.<\/p>\n<p><strong>Feria de experiencias en Quito<\/strong><\/p>\n<p>Decenas de dirigentes de los socios comunitarios del Programa Socio Bosque del Ministerio del Ambiente (MAE) se dieron cita en Quito para participar de un taller instructivo. El objetivo ser\u00e1 fomentar el aprendizaje en tem\u00e1ticas relacionadas a la conservaci\u00f3n y manejo de recursos naturales, proyectos economicos productivos y fortalecimiento organizativo.<\/p>\n<p>La cita promover\u00e1 a los beneficiarios conocer las competencias, destrezas y aptitudes mediante charlas informativas, intercambio de experiencias y grupo de trabajos. El slogan de la feria es \u201cUn intercambio para el cambio\u201d.<\/p>\n<p>Las experiencias que se compartiran en el encuentro ser\u00e1n las implementadas durante los cuatro a\u00f1os de ejecuci\u00f3n de este Programa emblem\u00e1tico del Gobierno Nacional.<\/p>\n<p>Adem\u00e1s, la iniciativa busca concretar estrategias de desarrollo, v\u00ednculos tecnicos y comerciales que fortalezcan y amplien el enfoque y ejecuci\u00f3n del Programa.<\/p>\n<p>Ma\u00f1ana, se tiene previsto la realizaci\u00f3n de mesas de trabajo con m\u00e1s de 20 tem\u00e1ticas que permitir\u00e1n a los beneficiarios gestionar con organizaciones y empresas posibles acuerdos y asesor\u00eda en proyectos puntuales de desarrollo y emprendimiento.<\/p>\n<p style=\"text-align: left;\"><strong>Audio:<\/strong><\/p>\n<p><iframe loading=\"lazy\" src=\"https:\/\/w.soundcloud.com\/player\/?url=http%3A%2F%2Fapi.soundcloud.com%2Ftracks%2F70962175\" frameborder=\"no\" scrolling=\"no\" width=\"100%\" height=\"166\"><\/iframe><\/p>\n<p><iframe loading=\"lazy\" src=\"https:\/\/w.soundcloud.com\/player\/?url=http%3A%2F%2Fapi.soundcloud.com%2Ftracks%2F70960453\" frameborder=\"no\" scrolling=\"no\" width=\"100%\" height=\"166\"><\/iframe><\/p>\n<p style=\"text-align: left;\"><strong>La Foto<\/strong><\/p>\n<p style=\"text-align: left;\"><a href=\"http:\/\/www.ambienteyenergia.gob.ec\/ambiente\/wp-content\/uploads\/2012\/12\/MG_1244.jpg\"><img loading=\"lazy\" decoding=\"async\" class=\"aligncenter size-full wp-image-8074\" title=\"La cita promover\u00e1 a los beneficiarios conocer las competencias, destrezas y aptitudes mediante charlas informativas, intercambio de experiencias y grupo de trabajos. El slogan de la feria es \u201cUn intercambio para el cambio\u201d.\" src=\"http:\/\/www.ambienteyenergia.gob.ec\/ambiente\/wp-content\/uploads\/2012\/12\/MG_1244.jpg\" alt=\"\" width=\"650\" height=\"433\" srcset=\"https:\/\/www.ambienteyenergia.gob.ec\/ambiente\/wp-content\/uploads\/sites\/2\/2012\/12\/MG_1244.jpg 650w, https:\/\/www.ambienteyenergia.gob.ec\/ambiente\/wp-content\/uploads\/sites\/2\/2012\/12\/MG_1244-300x199.jpg 300w, https:\/\/www.ambienteyenergia.gob.ec\/ambiente\/wp-content\/uploads\/sites\/2\/2012\/12\/MG_1244-450x300.jpg 450w\" sizes=\"auto, (max-width: 650px) 100vw, 650px\" \/><\/a><\/p>\n<p style=\"text-align: left;\">\n","protected":false},"excerpt":{"rendered":"<p class=\"excerpt\">\u00abSi supiera que el mundo se acaba ma\u00f1ana, yo, hoy todav\u00eda, plantar\u00eda un \u00e1rbol, dice un pensamiento de Martin Luther King, que nos muestra la esperanza en un mundo que creemos agotado\u00bb, fueron las palabras de la Ministra del Ambiente, Lorena Tapia, en acto de apertura de la feria de experiencias de Socio Bosque. La m\u00e1xima autoridad ambiental afirm\u00f3 que&hellip; <a href=\"https:\/\/www.ambienteyenergia.gob.ec\/ambiente\/un-intercambio-para-el-cambio-taller-de-experiencias-socio-bosque\/\">Read more &rarr;<\/a><\/p>\n","protected":false},"author":13,"featured_media":8071,"comment_status":"open","ping_status":"open","sticky":false,"template":"","format":"standard","meta":{"footnotes":""},"categories":[16,4],"tags":[49,169],"class_list":["post-8067","post","type-post","status-publish","format-standard","has-post-thumbnail","hentry","category-comunicamos","category-noticias","tag-quito","tag-sociobosque","xfolkentry"],"_links":{"self":[{"href":"https:\/\/www.ambienteyenergia.gob.ec\/ambiente\/wp-json\/wp\/v2\/posts\/8067","targetHints":{"allow":["GET"]}}],"collection":[{"href":"https:\/\/www.ambienteyenergia.gob.ec\/ambiente\/wp-json\/wp\/v2\/posts"}],"about":[{"href":"https:\/\/www.ambienteyenergia.gob.ec\/ambiente\/wp-json\/wp\/v2\/types\/post"}],"author":[{"embeddable":true,"href":"https:\/\/www.ambienteyenergia.gob.ec\/ambiente\/wp-json\/wp\/v2\/users\/13"}],"replies":[{"embeddable":true,"href":"https:\/\/www.ambienteyenergia.gob.ec\/ambiente\/wp-json\/wp\/v2\/comments?post=8067"}],"version-history":[{"count":0,"href":"https:\/\/www.ambienteyenergia.gob.ec\/ambiente\/wp-json\/wp\/v2\/posts\/8067\/revisions"}],"wp:featuredmedia":[{"embeddable":true,"href":"https:\/\/www.ambienteyenergia.gob.ec\/ambiente\/wp-json\/wp\/v2\/media\/8071"}],"wp:attachment":[{"href":"https:\/\/www.ambienteyenergia.gob.ec\/ambiente\/wp-json\/wp\/v2\/media?parent=8067"}],"wp:term":[{"taxonomy":"category","embeddable":true,"href":"https:\/\/www.ambienteyenergia.gob.ec\/ambiente\/wp-json\/wp\/v2\/categories?post=8067"},{"taxonomy":"post_tag","embeddable":true,"href":"https:\/\/www.ambienteyenergia.gob.ec\/ambiente\/wp-json\/wp\/v2\/tags?post=8067"}],"curies":[{"name":"wp","href":"https:\/\/api.w.org\/{rel}","templated":true}]}}