{"id":8045,"date":"2012-12-11T08:48:22","date_gmt":"2012-12-11T13:48:22","guid":{"rendered":"http:\/\/www.ambiente.gob.ec\/?p=8045"},"modified":"2012-12-11T20:21:08","modified_gmt":"2012-12-12T01:21:08","slug":"reunion-binacional-evaluara-avances-en-ambiente","status":"publish","type":"post","link":"https:\/\/www.ambienteyenergia.gob.ec\/ambiente\/reunion-binacional-evaluara-avances-en-ambiente\/","title":{"rendered":"Ecuador y Colombia eval\u00faan avances en \u00c1reas Protegidas, cuencas hidrogr\u00e1ficas y biodiversidad"},"content":{"rendered":"<p><em>Ministros de Ecuador y Colombia firmaron Acuerdos de Entendimiento<\/em><\/p>\n<p>La ciudad de Tulc\u00e1n (Carchi), lim\u00edtrofe entre Ecuador y Colombia, acogi\u00f3 hoy (martes) al primer gabinete binacional encabezado por los presidentes de ambos pa\u00edses, Rafael Correa y Juan Manuel Santos.<\/p>\n<p>En primera instancia, la cita se desarroll\u00f3 en el Sal\u00f3n Plenario \u2013 Edificio Principal de la Universidad \u201cPolit\u00e9cnica Estatal del Carchi\u201d y abord\u00f3 varios temas de inter\u00e9s para la uni\u00f3n, la integraci\u00f3n y el trabajo conjunto entre las dos naciones.<\/p>\n<p>Por la tarde,\u00a0 se firmaron adendas de las Carteras de Estado en el auditorio Benjam\u00edn Carri\u00f3n de la Casa de la Cultura carchense. El sal\u00f3n plenario sirvi\u00f3 como el lugar &#8216;hist\u00f3rico&#8217; para puntualizar varios temas de inter\u00e9s para la uni\u00f3n, la integraci\u00f3n y el trabajo conjunto entre las dos naciones.<\/p>\n<p>Uno de los temas urgentes en el Gabinete Binacional de Ministros es el ambiental. Los compromisos emitidos en el encuentro presidencial, realizado en diciembre de 2011 en Quito, plantearon acciones que mejoraran la calidad ambiental, las cuencas hidrogr\u00e1ficas, los bosques y biodiversidad y las \u00e1reas protegidas.<\/p>\n<p>La cita en la capital ecuatoriana sirvi\u00f3 para fortalecer la adecuada gesti\u00f3n de los recursos h\u00eddricos de los tres r\u00edos compartidos por las naciones, y la participaci\u00f3n de las poblaciones asentadas en esa regi\u00f3n fronteriza.<\/p>\n<p>En su discurso de apertur\u00e1, el Presidente Rafael Correa, argument\u00f3 que esta reuni\u00f3n \u00abhist\u00f3rica\u00bb marca una nueva etapa de apoyo entre los dos pueblos hermanos. \u201cTrabajar por el ambiente, nos permite mirar hacia el futuro. Para que nuestras generaciones venideras sean las que disfruten de estos recursos\u00bb, dijo.<\/p>\n<p>El mandatario ecuatoriano destac\u00f3 el combate contra la miner\u00eda ilegal, que ha proliferado en la zona fronteriza por el alto valor del oro en los mercados. \u201cTrabajaremos para que la mala miner\u00eda dejen de contaminar los r\u00edos y fuentes de agua con metales pesados. Sabemos que todo esto est\u00e1 vinculado a grupos ilegalmente armados y con el lavado de dinero\u201d, se\u00f1al\u00f3.<\/p>\n<p>De su parte, el Presidente Santos, asinti\u00f3 que la reuni\u00f3n servir\u00e1 para ejecutar planes, programas y proyectos destinados a mejorar la situaci\u00f3n de las zonas fronterizas en pro del desarrollo sustentable y sostenible.<\/p>\n<p><strong>Ejes de plan de acci\u00f3n en la frontera<\/strong><\/p>\n<p>Dento de la agenda del Gabinete, la Ministra del Ambiente, Lorena Tapia, y su par de\u00a0 Colombia, Juan Gabriel Uribe, pusieron en marcha un proceso de gesti\u00f3n integral de los recursos h\u00eddricos de las tres cuencas transfronterizas (Mira \u2013 Mataje, Carchi \u2013 Guaytara y San Miguel \u2013 Putumayo) mediante una evaluaci\u00f3n de la calidad del agua.<\/p>\n<p>Las Carteras de Estado realizar\u00e1n campa\u00f1as de monitoreo en las cuencas binacionales durante el pr\u00f3ximo a\u00f1o y los venideros. El objetivo es contar con una base de datos que permita identificar, con mayor detalle, la calidad del agua en la zona para el adecuado trabajo de la comisi\u00f3n de vecindad.<\/p>\n<p>Por otro lado, los Ministerios reforzaron el programa fronterizo para la prevenci\u00f3n, manejo y control de la degradaci\u00f3n y la deforestaci\u00f3n de los bosques naturales. El proyecto formular\u00e1 e implementar\u00e1 estrategias y acciones para la planificaci\u00f3n y uso sostenible de los bosques, como tambi\u00e9n de la restauraci\u00f3n de \u00e1reas con plantaciones protectoras y comerciales.<\/p>\n<p>Las autoridades ambientales se comprometieron a intercambiar experiencias en: Sociobosque, Sociop\u00e1ramo, plantaciones protectivas y recuperaci\u00f3n, ordenamiento forestal y agroforester\u00eda. Asimismo, homologar\u00e1n mecanismos de normas y pol\u00edticas en control de la tala ilegal de madera y vida silvestre.<\/p>\n<p>En el marco del Grupo de Trabajo de \u00c1reas Protegidas, las autoridades revisaron los acuerdos y compromisos acordados entre Ecuador y Colombia en el Comit\u00e9 T\u00e9cnico Binacional de Asuntos Ambientales.<\/p>\n<p>Estos aseguran la conectividad y procesos ecol\u00f3gicos de las \u00c1reas Protegidas fronterizas colindantes y no colindantes para mantener la diversidad biol\u00f3gica y fortalecer la gesti\u00f3n y manejo a trav\u00e9s del intercambio de experiencias.<\/p>\n<p>Asimismo, se trabajar\u00e1 sobre 40 kil\u00f3metros en la zona de frontera para elaborar una linea base sobre uso de recursos naturales en el sector, la formulaci\u00f3n de un Programa para prevenci\u00f3n y el fomento del aprovechamiento sostenible de la biodiversidad con un intercambio de normativas en temas forestales.<\/p>\n<p><strong>El dato:<\/strong><\/p>\n<p>Las autoridades realizaron un encuentro con la Comunidad carchense en el\u00a0 Coliseo del Colegio Tecnol\u00f3gico Superior Tulc\u00e1n.<\/p>\n<p>El Alcalde de Tulc\u00e1n, Julio Robles, entregar\u00e1 la llave de la ciudad al mandatario colombiano.<\/p>\n<p><strong>La foto:<\/strong><\/p>\n<p style=\"text-align: left;\"><a href=\"http:\/\/www.ambienteyenergia.gob.ec\/ambiente\/wp-content\/uploads\/2012\/12\/dentq.jpg\"><img loading=\"lazy\" decoding=\"async\" class=\"aligncenter size-full wp-image-8056\" title=\"La sede, Universidad Polit\u00e9cnica Estatal del Carchi\" src=\"http:\/\/www.ambienteyenergia.gob.ec\/ambiente\/wp-content\/uploads\/2012\/12\/dentq.jpg\" alt=\"\" width=\"650\" height=\"380\" srcset=\"https:\/\/www.ambienteyenergia.gob.ec\/ambiente\/wp-content\/uploads\/sites\/2\/2012\/12\/dentq.jpg 650w, https:\/\/www.ambienteyenergia.gob.ec\/ambiente\/wp-content\/uploads\/sites\/2\/2012\/12\/dentq-300x175.jpg 300w, https:\/\/www.ambienteyenergia.gob.ec\/ambiente\/wp-content\/uploads\/sites\/2\/2012\/12\/dentq-500x292.jpg 500w\" sizes=\"auto, (max-width: 650px) 100vw, 650px\" \/><\/a><\/p>\n<p style=\"text-align: left;\"><strong>En vivo<\/strong><\/p>\n<p style=\"text-align: left;\"><!-- Start of HootSuite Embed --><br \/>\n<object id=\"hootsuite_embed_48993\" width=\"650\" height=\"350\" classid=\"clsid:d27cdb6e-ae6d-11cf-96b8-444553540000\" codebase=\"http:\/\/download.macromedia.com\/pub\/shockwave\/cabs\/flash\/swflash.cab#version=6,0,40,0\" bgcolor=\"#FFFFFF\"><param name=\"allowFullScreen\" value=\"true\" \/><param name=\"allowscriptaccess\" value=\"always\" \/><param name=\"flashvars\" value=\"embedId=48993&amp;primaryColor=000080&amp;refreshRate=0&amp;query=%23GabineteEcuadorColombia&amp;title=%23GabineteEcuadorColombia&amp;profanityFilter=0\" \/><param name=\"src\" value=\"http:\/\/static.hootsuite.com\/hoot-embed.swf\" \/><param name=\"allowfullscreen\" value=\"true\" \/><embed id=\"hootsuite_embed_48993\" width=\"650\" height=\"350\" type=\"application\/x-shockwave-flash\" src=\"http:\/\/static.hootsuite.com\/hoot-embed.swf\" allowFullScreen=\"true\" allowscriptaccess=\"always\" flashvars=\"embedId=48993&amp;primaryColor=000080&amp;refreshRate=0&amp;query=%23GabineteEcuadorColombia&amp;title=%23GabineteEcuadorColombia&amp;profanityFilter=0\" allowfullscreen=\"true\" bgcolor=\"#FFFFFF\" \/><\/object><br \/>\n<!-- End of HootSuite Embed --><\/p>\n","protected":false},"excerpt":{"rendered":"<p class=\"excerpt\">Ministros de Ecuador y Colombia firmaron Acuerdos de Entendimiento La ciudad de Tulc\u00e1n (Carchi), lim\u00edtrofe entre Ecuador y Colombia, acogi\u00f3 hoy (martes) al primer gabinete binacional encabezado por los presidentes de ambos pa\u00edses, Rafael Correa y Juan Manuel Santos. En primera instancia, la cita se desarroll\u00f3 en el Sal\u00f3n Plenario \u2013 Edificio Principal de la Universidad \u201cPolit\u00e9cnica Estatal del Carchi\u201d&hellip; <a href=\"https:\/\/www.ambienteyenergia.gob.ec\/ambiente\/reunion-binacional-evaluara-avances-en-ambiente\/\">Read more &rarr;<\/a><\/p>\n","protected":false},"author":13,"featured_media":8055,"comment_status":"open","ping_status":"open","sticky":false,"template":"","format":"standard","meta":{"footnotes":""},"categories":[16,4],"tags":[167,48,53,54,168],"class_list":["post-8045","post","type-post","status-publish","format-standard","has-post-thumbnail","hentry","category-comunicamos","category-noticias","tag-carchi","tag-ecuador","tag-mae","tag-ministerio-del-ambiente","tag-tulcan","xfolkentry"],"_links":{"self":[{"href":"https:\/\/www.ambienteyenergia.gob.ec\/ambiente\/wp-json\/wp\/v2\/posts\/8045","targetHints":{"allow":["GET"]}}],"collection":[{"href":"https:\/\/www.ambienteyenergia.gob.ec\/ambiente\/wp-json\/wp\/v2\/posts"}],"about":[{"href":"https:\/\/www.ambienteyenergia.gob.ec\/ambiente\/wp-json\/wp\/v2\/types\/post"}],"author":[{"embeddable":true,"href":"https:\/\/www.ambienteyenergia.gob.ec\/ambiente\/wp-json\/wp\/v2\/users\/13"}],"replies":[{"embeddable":true,"href":"https:\/\/www.ambienteyenergia.gob.ec\/ambiente\/wp-json\/wp\/v2\/comments?post=8045"}],"version-history":[{"count":0,"href":"https:\/\/www.ambienteyenergia.gob.ec\/ambiente\/wp-json\/wp\/v2\/posts\/8045\/revisions"}],"wp:featuredmedia":[{"embeddable":true,"href":"https:\/\/www.ambienteyenergia.gob.ec\/ambiente\/wp-json\/wp\/v2\/media\/8055"}],"wp:attachment":[{"href":"https:\/\/www.ambienteyenergia.gob.ec\/ambiente\/wp-json\/wp\/v2\/media?parent=8045"}],"wp:term":[{"taxonomy":"category","embeddable":true,"href":"https:\/\/www.ambienteyenergia.gob.ec\/ambiente\/wp-json\/wp\/v2\/categories?post=8045"},{"taxonomy":"post_tag","embeddable":true,"href":"https:\/\/www.ambienteyenergia.gob.ec\/ambiente\/wp-json\/wp\/v2\/tags?post=8045"}],"curies":[{"name":"wp","href":"https:\/\/api.w.org\/{rel}","templated":true}]}}