{"id":8031,"date":"2012-12-09T14:30:30","date_gmt":"2012-12-09T19:30:30","guid":{"rendered":"http:\/\/www.ambiente.gob.ec\/?p=8031"},"modified":"2012-12-14T15:23:29","modified_gmt":"2012-12-14T20:23:29","slug":"imbabura-se-movilizo-con-el-primer-chasqui-ambiental","status":"publish","type":"post","link":"https:\/\/www.ambienteyenergia.gob.ec\/ambiente\/imbabura-se-movilizo-con-el-primer-chasqui-ambiental\/","title":{"rendered":"Imbabura se moviliz\u00f3 con el Primer Chasqui Ambiental"},"content":{"rendered":"<p style=\"text-align: left;\">Este viernes, 07 de diciembre de 2012 se realiz\u00f3 con gran \u00e9xito el Primer Chasqui Ambiental organizado por la Zona 1 del Ministerio del Ambiente desde las 06:00 am. El objetivo de este gran evento fue la de recorrer por los caminos del Taita Imbabura llevando el mensaje ambiental del Buen Vivir, sensibilizando a los participantes e intercambiar experiencias y saberes sobre la gesti\u00f3n ambiental participativa. Los participantes salieron desde Cajas, l\u00edmite entre las provincias de Imbabura y Pichincha y terminaron su recorrido en la ciudad de Ibarra.<\/p>\n<p style=\"text-align: left;\">En el recorrido se tuvo la participaci\u00f3n del: Colegio San Agust\u00edn de Cajas, Colegio Ilum\u00e1n, Colegio Eloy Alfaro, Colegio V\u00edctor Mideros, Colegio T\u00e9cnico Valle del Chota, Colegio San Pablo, Escuela Venezuela, Juntas Parroquiales de Gonz\u00e1les Su\u00e1rez, San Pablo, Ilum\u00e1n, San Roque, Andrade Mar\u00edn, San Antonio; funcionarios p\u00fablicos de las Direcciones Provinciales de Esmeraldas, Carchi, Imbabura y Sucumbios del Ministerio del Ambiente, adem\u00e1s comunidades beneficiarias y dem\u00e1s ciudadan\u00eda en general, movilizando alrededor de 1500 personas.<\/p>\n<p style=\"text-align: left;\">En el recorrido se visibiliz\u00f3 los proyectos que el Ministerio del Ambiente ha realizado en coordinaci\u00f3n con Gobiernos sectoriales, como las plantas de Tratamiento de las aguas del Lago San Pablo, la declaratoria de Reserva Ecol\u00f3gica Municipal del Taita Imbabura, adem\u00e1s se entregaron tres licencias ambientales a varios proyectos siendo los beneficiarios los Municipios de Otavalo, Antonio Ante e Ibarra.<\/p>\n<p style=\"text-align: left;\">El evento formal estuvo organizado en dos etapas: primero se inform\u00f3 a la ciudadan\u00eda sobre los proyectos ejecutados y logros alcanzados en el sector ambiental en las provincias de la Zona 1, resaltando tem\u00e1ticas de control forestal, regularizaci\u00f3n de actividades, capacitaci\u00f3n, generaci\u00f3n de econom\u00eda local, \u00e1reas protegidas, etc, y segundo un homenaje a la Ab. Marcela Agui\u00f1aga ExMinistra del Ambiente por el trabajo realizado en todo el pa\u00eds resaltando proyectos emblem\u00e1ticos como Guayaquil Ecol\u00f3gico, Socio Bosque, etc.<\/p>\n<p style=\"text-align: left;\"><strong>La foto<\/strong>:<\/p>\n<p style=\"text-align: left;\"><a href=\"http:\/\/www.ambienteyenergia.gob.ec\/ambiente\/wp-content\/uploads\/2012\/12\/cha.jpg\"><img loading=\"lazy\" decoding=\"async\" class=\"aligncenter size-full wp-image-8033\" title=\"cha\" src=\"http:\/\/www.ambienteyenergia.gob.ec\/ambiente\/wp-content\/uploads\/2012\/12\/cha.jpg\" alt=\"\" width=\"650\" height=\"366\" srcset=\"https:\/\/www.ambienteyenergia.gob.ec\/ambiente\/wp-content\/uploads\/sites\/2\/2012\/12\/cha.jpg 650w, https:\/\/www.ambienteyenergia.gob.ec\/ambiente\/wp-content\/uploads\/sites\/2\/2012\/12\/cha-300x168.jpg 300w, https:\/\/www.ambienteyenergia.gob.ec\/ambiente\/wp-content\/uploads\/sites\/2\/2012\/12\/cha-500x281.jpg 500w\" sizes=\"auto, (max-width: 650px) 100vw, 650px\" \/><\/a><\/p>\n","protected":false},"excerpt":{"rendered":"<p class=\"excerpt\">Este viernes, 07 de diciembre de 2012 se realiz\u00f3 con gran \u00e9xito el Primer Chasqui Ambiental organizado por la Zona 1 del Ministerio del Ambiente desde las 06:00 am. El objetivo de este gran evento fue la de recorrer por los caminos del Taita Imbabura llevando el mensaje ambiental del Buen Vivir, sensibilizando a los participantes e intercambiar experiencias y&hellip; <a href=\"https:\/\/www.ambienteyenergia.gob.ec\/ambiente\/imbabura-se-movilizo-con-el-primer-chasqui-ambiental\/\">Read more &rarr;<\/a><\/p>\n","protected":false},"author":13,"featured_media":8032,"comment_status":"open","ping_status":"open","sticky":false,"template":"","format":"standard","meta":{"footnotes":""},"categories":[16,4],"tags":[163,48,162,53],"class_list":["post-8031","post","type-post","status-publish","format-standard","has-post-thumbnail","hentry","category-comunicamos","category-noticias","tag-chasqui-ambiental","tag-ecuador","tag-imbabura","tag-mae","xfolkentry"],"_links":{"self":[{"href":"https:\/\/www.ambienteyenergia.gob.ec\/ambiente\/wp-json\/wp\/v2\/posts\/8031","targetHints":{"allow":["GET"]}}],"collection":[{"href":"https:\/\/www.ambienteyenergia.gob.ec\/ambiente\/wp-json\/wp\/v2\/posts"}],"about":[{"href":"https:\/\/www.ambienteyenergia.gob.ec\/ambiente\/wp-json\/wp\/v2\/types\/post"}],"author":[{"embeddable":true,"href":"https:\/\/www.ambienteyenergia.gob.ec\/ambiente\/wp-json\/wp\/v2\/users\/13"}],"replies":[{"embeddable":true,"href":"https:\/\/www.ambienteyenergia.gob.ec\/ambiente\/wp-json\/wp\/v2\/comments?post=8031"}],"version-history":[{"count":0,"href":"https:\/\/www.ambienteyenergia.gob.ec\/ambiente\/wp-json\/wp\/v2\/posts\/8031\/revisions"}],"wp:featuredmedia":[{"embeddable":true,"href":"https:\/\/www.ambienteyenergia.gob.ec\/ambiente\/wp-json\/wp\/v2\/media\/8032"}],"wp:attachment":[{"href":"https:\/\/www.ambienteyenergia.gob.ec\/ambiente\/wp-json\/wp\/v2\/media?parent=8031"}],"wp:term":[{"taxonomy":"category","embeddable":true,"href":"https:\/\/www.ambienteyenergia.gob.ec\/ambiente\/wp-json\/wp\/v2\/categories?post=8031"},{"taxonomy":"post_tag","embeddable":true,"href":"https:\/\/www.ambienteyenergia.gob.ec\/ambiente\/wp-json\/wp\/v2\/tags?post=8031"}],"curies":[{"name":"wp","href":"https:\/\/api.w.org\/{rel}","templated":true}]}}