{"id":8025,"date":"2012-12-10T11:58:55","date_gmt":"2012-12-10T16:58:55","guid":{"rendered":"http:\/\/www.ambiente.gob.ec\/?p=8025"},"modified":"2012-12-10T11:58:55","modified_gmt":"2012-12-10T16:58:55","slug":"comunidades-de-chone-viven-navidad-ecologica","status":"publish","type":"post","link":"https:\/\/www.ambienteyenergia.gob.ec\/ambiente\/comunidades-de-chone-viven-navidad-ecologica\/","title":{"rendered":"Comunidades de Chone viven navidad ecol\u00f3gica"},"content":{"rendered":"<p>Una celebraci\u00f3n navide\u00f1a diferente y con responsabilidad con los ecosistemas, fue el mensaje central de una fiesta desarrollada por el Ministerio del Ambiente para ni\u00f1os de las comunidades de R\u00edo Plata, La Ensillada y Boca de Las Garzas, en la zona rural de Chone.<\/p>\n<p>M\u00e1s de 150 asistentes entre ni\u00f1os, padres, profesores y miembros de la comunidad participaron de un ameno y emotivo festejo donde la celebraci\u00f3n gir\u00f3 en torno\u00a0 a la elaboraci\u00f3n de un \u00e1rbol de navidad construido con m\u00e1s de 300 botellas que han sido recolectadas para su reutilizaci\u00f3n.<\/p>\n<p>Con la participaci\u00f3n de los j\u00f3venes de Servicio Civil Ciudadano, en la acci\u00f3n social de ambiente, y un grupo de artistas se llevaron tambi\u00e9n mensajes para la protecci\u00f3n de la vida silvestre, manejo responsable de agroqu\u00edmicos, peligros de la quema de vegetaci\u00f3n y m\u00e1s consejos ambientales. Adem\u00e1s se entregaron obsequios como bolsos para evitar el uso de fundas pl\u00e1sticas.<\/p>\n<p>El Ministerio del Ambiente, mediante su Direcci\u00f3n Provincial en Manab\u00ed, desarrollar\u00e1 dos eventos similares esta semana en Puerto L\u00f3pez y en Bah\u00eda de Car\u00e1quez tambi\u00e9n utilizando botellas que han sido recolectadas en limpiezas de playas, r\u00edos y carreteras.<\/p>\n<p>En los eventos tambi\u00e9n se difundir\u00e1 el mensaje para evitar el uso del musgo en la elaboraci\u00f3n de pesebres navide\u00f1os, dado que esta especie vegetal reviste una gran importancia\u00a0 para el sustento de los ecosistemas, el mantenimiento de la humedad y el equilibrio ecol\u00f3gico.<\/p>\n<p><strong>La foto<\/strong>:<\/p>\n<p><a href=\"http:\/\/www.ambienteyenergia.gob.ec\/ambiente\/wp-content\/uploads\/2012\/12\/mana2.jpg\"><img loading=\"lazy\" decoding=\"async\" class=\"aligncenter size-full wp-image-8027\" title=\"Ni\u00f1os, padres de familia, y comuneros de Chone vivieron una fiesta navide\u00f1a con mensajes ecol\u00f3gicos.\" src=\"http:\/\/www.ambienteyenergia.gob.ec\/ambiente\/wp-content\/uploads\/2012\/12\/mana2.jpg\" alt=\"\" width=\"650\" height=\"329\" srcset=\"https:\/\/www.ambienteyenergia.gob.ec\/ambiente\/wp-content\/uploads\/sites\/2\/2012\/12\/mana2.jpg 650w, https:\/\/www.ambienteyenergia.gob.ec\/ambiente\/wp-content\/uploads\/sites\/2\/2012\/12\/mana2-300x151.jpg 300w, https:\/\/www.ambienteyenergia.gob.ec\/ambiente\/wp-content\/uploads\/sites\/2\/2012\/12\/mana2-500x253.jpg 500w\" sizes=\"auto, (max-width: 650px) 100vw, 650px\" \/><\/a><\/p>\n","protected":false},"excerpt":{"rendered":"<p class=\"excerpt\">Una celebraci\u00f3n navide\u00f1a diferente y con responsabilidad con los ecosistemas, fue el mensaje central de una fiesta desarrollada por el Ministerio del Ambiente para ni\u00f1os de las comunidades de R\u00edo Plata, La Ensillada y Boca de Las Garzas, en la zona rural de Chone. M\u00e1s de 150 asistentes entre ni\u00f1os, padres, profesores y miembros de la comunidad participaron de un&hellip; <a href=\"https:\/\/www.ambienteyenergia.gob.ec\/ambiente\/comunidades-de-chone-viven-navidad-ecologica\/\">Read more &rarr;<\/a><\/p>\n","protected":false},"author":13,"featured_media":8026,"comment_status":"open","ping_status":"open","sticky":false,"template":"","format":"standard","meta":{"footnotes":""},"categories":[16,4],"tags":[48,60,161,160,49],"class_list":["post-8025","post","type-post","status-publish","format-standard","has-post-thumbnail","hentry","category-comunicamos","category-noticias","tag-ecuador","tag-manabi","tag-minsiterio-del-ambiente","tag-navidad","tag-quito","xfolkentry"],"_links":{"self":[{"href":"https:\/\/www.ambienteyenergia.gob.ec\/ambiente\/wp-json\/wp\/v2\/posts\/8025","targetHints":{"allow":["GET"]}}],"collection":[{"href":"https:\/\/www.ambienteyenergia.gob.ec\/ambiente\/wp-json\/wp\/v2\/posts"}],"about":[{"href":"https:\/\/www.ambienteyenergia.gob.ec\/ambiente\/wp-json\/wp\/v2\/types\/post"}],"author":[{"embeddable":true,"href":"https:\/\/www.ambienteyenergia.gob.ec\/ambiente\/wp-json\/wp\/v2\/users\/13"}],"replies":[{"embeddable":true,"href":"https:\/\/www.ambienteyenergia.gob.ec\/ambiente\/wp-json\/wp\/v2\/comments?post=8025"}],"version-history":[{"count":0,"href":"https:\/\/www.ambienteyenergia.gob.ec\/ambiente\/wp-json\/wp\/v2\/posts\/8025\/revisions"}],"wp:featuredmedia":[{"embeddable":true,"href":"https:\/\/www.ambienteyenergia.gob.ec\/ambiente\/wp-json\/wp\/v2\/media\/8026"}],"wp:attachment":[{"href":"https:\/\/www.ambienteyenergia.gob.ec\/ambiente\/wp-json\/wp\/v2\/media?parent=8025"}],"wp:term":[{"taxonomy":"category","embeddable":true,"href":"https:\/\/www.ambienteyenergia.gob.ec\/ambiente\/wp-json\/wp\/v2\/categories?post=8025"},{"taxonomy":"post_tag","embeddable":true,"href":"https:\/\/www.ambienteyenergia.gob.ec\/ambiente\/wp-json\/wp\/v2\/tags?post=8025"}],"curies":[{"name":"wp","href":"https:\/\/api.w.org\/{rel}","templated":true}]}}