{"id":8019,"date":"2012-12-11T07:32:51","date_gmt":"2012-12-11T12:32:51","guid":{"rendered":"http:\/\/www.ambiente.gob.ec\/?p=8019"},"modified":"2012-12-12T07:44:43","modified_gmt":"2012-12-12T12:44:43","slug":"programa-socio-bosque-realiza-feria-de-experiencias-en-quito","status":"publish","type":"post","link":"https:\/\/www.ambienteyenergia.gob.ec\/ambiente\/programa-socio-bosque-realiza-feria-de-experiencias-en-quito\/","title":{"rendered":"Programa Socio Bosque realiza feria de experiencias en Quito"},"content":{"rendered":"<p style=\"text-align: left;\">Centenas de dirigentes de los socios comunitarios del Programa Socio Bosque del Ministerio del Ambiente se daran cita en Quito, el pr\u00f3ximo 12 y 13 de diciembre del a\u00f1o en curso, en una feria que organiza esta iniciativa. El encuentro busca el fomento de aprendizaje en tem\u00e1ticas relacionadas a la conservaci\u00f3n y manejo de recursos naturales; proyectos economicos productivos y fortalecimiento organizativo.<\/p>\n<p style=\"text-align: left;\">La cita pretende fomentar en los beneficiarios las competencias, destrezas y aptitudes mediante charlas informativas, intercambio de experiencias y trabajos en grupo. La feria se promueve este a\u00f1o con el slogan \u00abUn intercambio para el cambio\u00bb.<\/p>\n<p style=\"text-align: left;\">Las experiencias que se compartiran en el encuentro ser\u00e1n las implementadas durante los cuatro a\u00f1os de ejecuci\u00f3n de este Programa emblem\u00e1tico del Gobierno Nacional.<\/p>\n<p style=\"text-align: left;\">La iniciativa busca adem\u00e1s aprovechar la feria para concretar estrategias de desarrollo, v\u00ednculos tecnicos y comerciales que fortalezcan y amplien el enfoque y ejecuci\u00f3n del Programa.<\/p>\n<p style=\"text-align: left;\">Los beneficiarios asistentes podr\u00e1n participar en uno de los tres ejes generales de la feria.<\/p>\n<p style=\"text-align: left;\">Durante el segundo d\u00eda, se tiene previsto la realizaci\u00f3n de mesas de trabajo con m\u00e1s de 20 tem\u00e1ticas que permitir\u00e1n a los beneficiarios gestionar con organizaciones y empresas posibles acuerdos y asesor\u00eda en proyectos puntuales de desarrollo y emprendimiento.<\/p>\n<p style=\"text-align: left;\">El Programa Socio Bosque del Gobierno de la Revoluci\u00f3n Ciudadana busca una conservaci\u00f3n inclusiva y responsable con el buen vivir de quienes habitan en los espacios nativos del Ecuador. En este 2012, esta iniciativa ambiental registr\u00f3 el primer mill\u00f3n de hect\u00e1reas conservadas.<\/p>\n<p style=\"text-align: left;\">En la actualidad, Socio Bosque conserva cerca de un mill\u00f3n 114 mil hect\u00e1reas de bosques y p\u00e1ramos nativos, adem\u00e1s registra 126 mil beneficiarios en todos los rincones de la patria.<\/p>\n<p style=\"text-align: left;\" align=\"CENTER\"><strong>Agenda:<\/strong><\/p>\n<p><a href=\"http:\/\/www.ambienteyenergia.gob.ec\/ambiente\/wp-content\/uploads\/downloads\/2012\/12\/Feria-Socios-2012-1.pdf\" target=\"_blank\">EVENTO FERIA DE SOCIOS: UN INTERCAMBIO PARA EL CAMBMIO<\/a><\/p>\n","protected":false},"excerpt":{"rendered":"<p class=\"excerpt\">Centenas de dirigentes de los socios comunitarios del Programa Socio Bosque del Ministerio del Ambiente se daran cita en Quito, el pr\u00f3ximo 12 y 13 de diciembre del a\u00f1o en curso, en una feria que organiza esta iniciativa. El encuentro busca el fomento de aprendizaje en tem\u00e1ticas relacionadas a la conservaci\u00f3n y manejo de recursos naturales; proyectos economicos productivos y&hellip; <a href=\"https:\/\/www.ambienteyenergia.gob.ec\/ambiente\/programa-socio-bosque-realiza-feria-de-experiencias-en-quito\/\">Read more &rarr;<\/a><\/p>\n","protected":false},"author":13,"featured_media":8022,"comment_status":"open","ping_status":"open","sticky":false,"template":"","format":"standard","meta":{"footnotes":""},"categories":[16,4],"tags":[48,49,52],"class_list":["post-8019","post","type-post","status-publish","format-standard","has-post-thumbnail","hentry","category-comunicamos","category-noticias","tag-ecuador","tag-quito","tag-socio-bosque","xfolkentry"],"_links":{"self":[{"href":"https:\/\/www.ambienteyenergia.gob.ec\/ambiente\/wp-json\/wp\/v2\/posts\/8019","targetHints":{"allow":["GET"]}}],"collection":[{"href":"https:\/\/www.ambienteyenergia.gob.ec\/ambiente\/wp-json\/wp\/v2\/posts"}],"about":[{"href":"https:\/\/www.ambienteyenergia.gob.ec\/ambiente\/wp-json\/wp\/v2\/types\/post"}],"author":[{"embeddable":true,"href":"https:\/\/www.ambienteyenergia.gob.ec\/ambiente\/wp-json\/wp\/v2\/users\/13"}],"replies":[{"embeddable":true,"href":"https:\/\/www.ambienteyenergia.gob.ec\/ambiente\/wp-json\/wp\/v2\/comments?post=8019"}],"version-history":[{"count":0,"href":"https:\/\/www.ambienteyenergia.gob.ec\/ambiente\/wp-json\/wp\/v2\/posts\/8019\/revisions"}],"wp:featuredmedia":[{"embeddable":true,"href":"https:\/\/www.ambienteyenergia.gob.ec\/ambiente\/wp-json\/wp\/v2\/media\/8022"}],"wp:attachment":[{"href":"https:\/\/www.ambienteyenergia.gob.ec\/ambiente\/wp-json\/wp\/v2\/media?parent=8019"}],"wp:term":[{"taxonomy":"category","embeddable":true,"href":"https:\/\/www.ambienteyenergia.gob.ec\/ambiente\/wp-json\/wp\/v2\/categories?post=8019"},{"taxonomy":"post_tag","embeddable":true,"href":"https:\/\/www.ambienteyenergia.gob.ec\/ambiente\/wp-json\/wp\/v2\/tags?post=8019"}],"curies":[{"name":"wp","href":"https:\/\/api.w.org\/{rel}","templated":true}]}}