{"id":8009,"date":"2012-12-07T16:18:00","date_gmt":"2012-12-07T21:18:00","guid":{"rendered":"http:\/\/www.ambiente.gob.ec\/?p=8009"},"modified":"2012-12-10T12:46:04","modified_gmt":"2012-12-10T17:46:04","slug":"mae-entregara-bolsos-reutilizables-para-consumo-responsable-y-manejo-de-fundas-plasticas","status":"publish","type":"post","link":"https:\/\/www.ambienteyenergia.gob.ec\/ambiente\/mae-entregara-bolsos-reutilizables-para-consumo-responsable-y-manejo-de-fundas-plasticas\/","title":{"rendered":"MAE entreg\u00f3 bolsos reutilizables para consumo responsable y manejo de fundas pl\u00e1sticas"},"content":{"rendered":"<p style=\"text-align: left;\">El Ministerio del Ambiente (MAE), a trav\u00e9s del Programa de Desechos S\u00f3lidos, este domingo 9 entreg\u00f3 en los principales centro comerciales de Quito bolsos reutilizables.<\/p>\n<p style=\"text-align: left;\">El objetivo es reducir el uso de fundas pl\u00e1sticas y concientizar a la ciudadan\u00eda sobre consumo responsable.<\/p>\n<p style=\"text-align: left;\">Invitamos a la ciudadan\u00eda a formar parte de esta iniciativa y reducir los impactos ambientales que se producen en el mes de Diciembre.<\/p>\n<p style=\"text-align: left;\"><a href=\"http:\/\/www.ambienteyenergia.gob.ec\/ambiente\/wp-content\/uploads\/2012\/12\/mae12.jpg\"><img loading=\"lazy\" decoding=\"async\" class=\"aligncenter size-full wp-image-8010\" title=\"\" src=\"http:\/\/www.ambienteyenergia.gob.ec\/ambiente\/wp-content\/uploads\/2012\/12\/mae12.jpg\" alt=\"\" width=\"650\" height=\"1020\" srcset=\"https:\/\/www.ambienteyenergia.gob.ec\/ambiente\/wp-content\/uploads\/sites\/2\/2012\/12\/mae12.jpg 650w, https:\/\/www.ambienteyenergia.gob.ec\/ambiente\/wp-content\/uploads\/sites\/2\/2012\/12\/mae12-191x300.jpg 191w\" sizes=\"auto, (max-width: 650px) 100vw, 650px\" \/><\/a><\/p>\n","protected":false},"excerpt":{"rendered":"<p class=\"excerpt\">El Ministerio del Ambiente (MAE), a trav\u00e9s del Programa de Desechos S\u00f3lidos, este domingo 9 entreg\u00f3 en los principales centro comerciales de Quito bolsos reutilizables. El objetivo es reducir el uso de fundas pl\u00e1sticas y concientizar a la ciudadan\u00eda sobre consumo responsable. Invitamos a la ciudadan\u00eda a formar parte de esta iniciativa y reducir los impactos ambientales que se producen&hellip; <a href=\"https:\/\/www.ambienteyenergia.gob.ec\/ambiente\/mae-entregara-bolsos-reutilizables-para-consumo-responsable-y-manejo-de-fundas-plasticas\/\">Read more &rarr;<\/a><\/p>\n","protected":false},"author":13,"featured_media":0,"comment_status":"open","ping_status":"open","sticky":false,"template":"","format":"standard","meta":{"footnotes":""},"categories":[16,4],"tags":[],"class_list":["post-8009","post","type-post","status-publish","format-standard","hentry","category-comunicamos","category-noticias","xfolkentry"],"_links":{"self":[{"href":"https:\/\/www.ambienteyenergia.gob.ec\/ambiente\/wp-json\/wp\/v2\/posts\/8009","targetHints":{"allow":["GET"]}}],"collection":[{"href":"https:\/\/www.ambienteyenergia.gob.ec\/ambiente\/wp-json\/wp\/v2\/posts"}],"about":[{"href":"https:\/\/www.ambienteyenergia.gob.ec\/ambiente\/wp-json\/wp\/v2\/types\/post"}],"author":[{"embeddable":true,"href":"https:\/\/www.ambienteyenergia.gob.ec\/ambiente\/wp-json\/wp\/v2\/users\/13"}],"replies":[{"embeddable":true,"href":"https:\/\/www.ambienteyenergia.gob.ec\/ambiente\/wp-json\/wp\/v2\/comments?post=8009"}],"version-history":[{"count":0,"href":"https:\/\/www.ambienteyenergia.gob.ec\/ambiente\/wp-json\/wp\/v2\/posts\/8009\/revisions"}],"wp:attachment":[{"href":"https:\/\/www.ambienteyenergia.gob.ec\/ambiente\/wp-json\/wp\/v2\/media?parent=8009"}],"wp:term":[{"taxonomy":"category","embeddable":true,"href":"https:\/\/www.ambienteyenergia.gob.ec\/ambiente\/wp-json\/wp\/v2\/categories?post=8009"},{"taxonomy":"post_tag","embeddable":true,"href":"https:\/\/www.ambienteyenergia.gob.ec\/ambiente\/wp-json\/wp\/v2\/tags?post=8009"}],"curies":[{"name":"wp","href":"https:\/\/api.w.org\/{rel}","templated":true}]}}