{"id":7994,"date":"2012-12-07T12:45:59","date_gmt":"2012-12-07T17:45:59","guid":{"rendered":"http:\/\/www.ambiente.gob.ec\/?p=7994"},"modified":"2012-12-07T12:46:30","modified_gmt":"2012-12-07T17:46:30","slug":"ecuador-firma-acuerdo-con-espana-en-la-cop-18-en-la-convencion-de-las-naciones-unidas-sobre-cambio-climatico","status":"publish","type":"post","link":"https:\/\/www.ambienteyenergia.gob.ec\/ambiente\/ecuador-firma-acuerdo-con-espana-en-la-cop-18-en-la-convencion-de-las-naciones-unidas-sobre-cambio-climatico\/","title":{"rendered":"Ecuador firma acuerdo con Espa\u00f1a en la Convenci\u00f3n de las Naciones Unidas sobre Cambio Clim\u00e1tico"},"content":{"rendered":"<p style=\"text-align: left;\">El Ministerio del Ambiente de Ecuador (MAE), a trav\u00e9s de su m\u00e1xima autoridad delegada en la COP 18, la Viceministra del Ambiente, Mercy Borbor, firm\u00f3 un memorando de entendimiento sobre iniciativas referentes al cambio clim\u00e1tico con el Ministerio de Ambiente de Espa\u00f1a, a trav\u00e9s de su m\u00e1xima autoridad, el\u00a0 Ministro Miguel Arias Ca\u00f1ete.<\/p>\n<p>Este acuerdo facilitar\u00e1 la cooperaci\u00f3n y di\u00e1logo bilateral entre Ecuador\u00a0 y Espa\u00f1a, para trabajar sobre dos temas fundamentales: la adaptaci\u00f3n y la mitigaci\u00f3n al cambio clim\u00e1tico. El Ministro espa\u00f1ol ratific\u00f3 que se debe ahondar esfuerzos para combatir al cambio clim\u00e1tico, fen\u00f3meno que atenta la vida del planeta y afecta el bienestar de las poblaciones.<\/p>\n<p>Adem\u00e1s a\u00f1adi\u00f3: \u201cConsideramos de gran importancia la cooperaci\u00f3n en materia de evaluaci\u00f3n de impactos y la vulnerabilidad frente al cambio clim\u00e1tico, con el fin de fomentar estrat\u00e9gias, planes y programas espec\u00edficos en el tema. Por otro lado trabajar en los aspectos de la mitigaci\u00f3n del cambio clim\u00e1tico, atendiendo a las realidades nacionales de cada pa\u00eds\u201d.<\/p>\n<p>El evento se realiz\u00f3 el 6 de diciembre en la 18\u00b0 Conferencia de las Partes (COP 18) en Doha, estuvieron presentes la delegaci\u00f3n de la Red Iberoemericana de oficinas de cambio clim\u00e1tico y Ministros de distintos pa\u00edses. Con motivo de la fiestas de fundaci\u00f3n de la capital, el Ministro , aprovech\u00f3 la oportunidad para saludar a Quito en sus 478 a\u00f1os de fundaci\u00f3n; y mencion\u00f3 que este compromiso demuestra el cambio de \u00e9poca en Hispanoam\u00e9rica y la voluntad pol\u00edtica para demostrar ese cambio.<\/p>\n<p><strong>M\u00e1s noticias<\/strong><\/p>\n<p><a href=\"http:\/\/www.ambienteyenergia.gob.ec\/ambiente\/viceministra-del-ambiente-participa-en-reunion-ministerial-de-la-asociacion-redd-en-la-cop-18\/\" target=\"_blank\">&#8211; Viceministra del Ambiente participa en reuni\u00f3n ministerial de la Asociaci\u00f3n REDD+ en la COP 18<\/a><\/p>\n<p><a href=\"http:\/\/www.ambienteyenergia.gob.ec\/ambiente\/finaliza-la-primera-semana-de-las-reuniones-de-la-cop-18-cmp8\/\" target=\"_blank\">&#8211; Finaliza la primera semana de las reuniones de la COP 18 \u2013 CMP8<\/a><\/p>\n<p><a href=\"http:\/\/www.ambienteyenergia.gob.ec\/ambiente\/ecuador-esta-presente-en-la-cop-18\/\" target=\"_blank\">&#8211; Ecuador est\u00e1 presente en la COP 18<\/a><\/p>\n<p><a href=\"http:\/\/www.ambienteyenergia.gob.ec\/ambiente\/avances-en-las-negociaciones-sobre-el-mecanismo-redd-en-el-marco-de-la-conferencia-de-las-partes-18-cop18-de-la-convencion-marco-de-naciones-unidas-sobre-cambio-climatico\/\" target=\"_blank\">&#8211; Avances en las negociaciones sobre el mecanismo REDD+, en el marco de la Conferencia de las Partes 18 (COP18) de la Convenci\u00f3n Marco de Naciones Unidas sobre Cambio Clim\u00e1tico.<\/a><\/p>\n<p><strong>Descarga<\/strong><\/p>\n<p><a href=\"http:\/\/ow.ly\/fHkmi\" target=\"_blank\">&#8211; Estrategia Nacional de Cambio Clim\u00e1tico: http:\/\/ow.ly\/fHkmi <\/a><\/p>\n<p><strong>La foto<\/strong><\/p>\n<p style=\"text-align: center;\"><img loading=\"lazy\" decoding=\"async\" class=\"aligncenter  wp-image-7996\" title=\"Mercy Borbor, firm\u00f3 un memorando de entendimiento sobre iniciativas referentes al cambio clim\u00e1tico con el Ministerio de Ambiente de Espa\u00f1a, a trav\u00e9s de su m\u00e1xima autoridad, el  Ministro Miguel Arias Ca\u00f1ete.\" src=\"http:\/\/www.ambienteyenergia.gob.ec\/ambiente\/wp-content\/uploads\/2012\/12\/mercy121.jpg\" alt=\"\" width=\"650\" height=\"392\" srcset=\"https:\/\/www.ambienteyenergia.gob.ec\/ambiente\/wp-content\/uploads\/sites\/2\/2012\/12\/mercy121.jpg 650w, https:\/\/www.ambienteyenergia.gob.ec\/ambiente\/wp-content\/uploads\/sites\/2\/2012\/12\/mercy121-300x180.jpg 300w, https:\/\/www.ambienteyenergia.gob.ec\/ambiente\/wp-content\/uploads\/sites\/2\/2012\/12\/mercy121-497x300.jpg 497w\" sizes=\"auto, (max-width: 650px) 100vw, 650px\" \/><\/p>\n<p>&nbsp;<\/p>\n","protected":false},"excerpt":{"rendered":"<p class=\"excerpt\">El Ministerio del Ambiente de Ecuador (MAE), a trav\u00e9s de su m\u00e1xima autoridad delegada en la COP 18, la Viceministra del Ambiente, Mercy Borbor, firm\u00f3 un memorando de entendimiento sobre iniciativas referentes al cambio clim\u00e1tico con el Ministerio de Ambiente de Espa\u00f1a, a trav\u00e9s de su m\u00e1xima autoridad, el\u00a0 Ministro Miguel Arias Ca\u00f1ete. Este acuerdo facilitar\u00e1 la cooperaci\u00f3n y di\u00e1logo&hellip; <a href=\"https:\/\/www.ambienteyenergia.gob.ec\/ambiente\/ecuador-firma-acuerdo-con-espana-en-la-cop-18-en-la-convencion-de-las-naciones-unidas-sobre-cambio-climatico\/\">Read more &rarr;<\/a><\/p>\n","protected":false},"author":13,"featured_media":0,"comment_status":"open","ping_status":"open","sticky":false,"template":"","format":"standard","meta":{"footnotes":""},"categories":[16,4],"tags":[153,48,158,154],"class_list":["post-7994","post","type-post","status-publish","format-standard","hentry","category-comunicamos","category-noticias","tag-doha","tag-ecuador","tag-espana","tag-qatar","xfolkentry"],"_links":{"self":[{"href":"https:\/\/www.ambienteyenergia.gob.ec\/ambiente\/wp-json\/wp\/v2\/posts\/7994","targetHints":{"allow":["GET"]}}],"collection":[{"href":"https:\/\/www.ambienteyenergia.gob.ec\/ambiente\/wp-json\/wp\/v2\/posts"}],"about":[{"href":"https:\/\/www.ambienteyenergia.gob.ec\/ambiente\/wp-json\/wp\/v2\/types\/post"}],"author":[{"embeddable":true,"href":"https:\/\/www.ambienteyenergia.gob.ec\/ambiente\/wp-json\/wp\/v2\/users\/13"}],"replies":[{"embeddable":true,"href":"https:\/\/www.ambienteyenergia.gob.ec\/ambiente\/wp-json\/wp\/v2\/comments?post=7994"}],"version-history":[{"count":0,"href":"https:\/\/www.ambienteyenergia.gob.ec\/ambiente\/wp-json\/wp\/v2\/posts\/7994\/revisions"}],"wp:attachment":[{"href":"https:\/\/www.ambienteyenergia.gob.ec\/ambiente\/wp-json\/wp\/v2\/media?parent=7994"}],"wp:term":[{"taxonomy":"category","embeddable":true,"href":"https:\/\/www.ambienteyenergia.gob.ec\/ambiente\/wp-json\/wp\/v2\/categories?post=7994"},{"taxonomy":"post_tag","embeddable":true,"href":"https:\/\/www.ambienteyenergia.gob.ec\/ambiente\/wp-json\/wp\/v2\/tags?post=7994"}],"curies":[{"name":"wp","href":"https:\/\/api.w.org\/{rel}","templated":true}]}}