{"id":7985,"date":"2012-12-07T11:53:40","date_gmt":"2012-12-07T16:53:40","guid":{"rendered":"http:\/\/www.ambiente.gob.ec\/?p=7985"},"modified":"2012-12-07T12:09:49","modified_gmt":"2012-12-07T17:09:49","slug":"mae-entrego-las-primeras-obras-de-parque-guapulo-el-nuevo-pulmon-de-los-quitenos","status":"publish","type":"post","link":"https:\/\/www.ambienteyenergia.gob.ec\/ambiente\/mae-entrego-las-primeras-obras-de-parque-guapulo-el-nuevo-pulmon-de-los-quitenos\/","title":{"rendered":"MAE entreg\u00f3 las primeras obras de Parque Gu\u00e1pulo, el nuevo pulm\u00f3n de los quite\u00f1os"},"content":{"rendered":"<p style=\"text-align: left;\"><em>13,93 hect\u00e1reas conforman el nuevo espacio &#8216;verde&#8217; de la capital<\/em><\/p>\n<p style=\"text-align: left;\">El Ministerio del Ambiente (MAE), a trav\u00e9s de la Empresa P\u00fablica de Parques Naturales y Espacios P\u00fablicos EP (EPPNEP), entrego hoy (viernes) las primeras obras del Parque Gu\u00e1pulo a la ciudad de Quito.<\/p>\n<p style=\"text-align: left;\">En el marco de la conmemoraci\u00f3n de los 478 a\u00f1os de fundaci\u00f3n de la capital,\u00a0 la Ministra del Ambiente, Lorena Tapia, indic\u00f3 que esta propuesta cumple con los objetivos del Buen Vivir y respeta los derechos de la naturaleza para el beneficio de los ecuatorianos.<\/p>\n<p style=\"text-align: left;\">\u201cCon Parque Gu\u00e1pulo, se ejecuta el compromiso que tiene el Gobierno Nacional con la ciudad de Quito para garantizar la adecuaci\u00f3n de espacios verdes al servicio de los capitalinos. El proyecto est\u00e1 acorde con la filosof\u00eda del Buen Vivir que todos nos merecemos\u201d, dijo Tapia.<\/p>\n<p style=\"text-align: left;\">El acto tambi\u00e9n cont\u00f3 con la presencia de Augusto Barrera, Alcalde del Distrito Metropolitano de Quito y Silvia Del Campo, la Gerente General de la Empresa P\u00fablica de Parques Naturales y Espacios P\u00fablicos.<\/p>\n<p style=\"text-align: left;\">Las obras entregadas son el sector de picadero y pesebrera para la Unidad de Equitaci\u00f3n y Remonta de la Polic\u00eda Nacional. En este espacio se realizar\u00e1n sesiones de hipoterapia para beneficio de las fundaciones de ni\u00f1os y j\u00f3venes con capacidades diferentes.<\/p>\n<p style=\"text-align: left;\">De igual manera, se entreg\u00f3 la oficina administrativa y auditorio para la Asociaci\u00f3n Scout del Ecuador,\u00a0 el lugar servir\u00e1 para el desarrollo de actividades l\u00fadicas con ni\u00f1os y j\u00f3venes en temas de liderazgo, valores y principios.<\/p>\n<p style=\"text-align: left;\">Parque Gu\u00e1pulo, cuya extensi\u00f3n es de 13,93 hect\u00e1reas, pas\u00f3 en junio del 2012 a la administraci\u00f3n de la Empresa P\u00fablica de Parques Naturales y Espacios P\u00fablicos EP, para realizar la restauraci\u00f3n del sitio con la adecuaci\u00f3n de los diversos espacios que estar\u00e1n al servicio de la ciudadan\u00eda en su totalidad en el 2013.<\/p>\n<p style=\"text-align: left;\">En este sentido, Silvia Del Campo afirm\u00f3 que \u00e9ste visionario proyecto integra a los quite\u00f1os con espacios verdes para la recreaci\u00f3n, aprendizaje y servicio para el bienestar de generaciones presentes y futuras.<\/p>\n<p style=\"text-align: left;\">De su parte, el Alcalde Barrera asinti\u00f3 que el Municipio, en coordinaci\u00f3n con \u00e9sta Cartera de Estado, han trabajado por una real transformaci\u00f3n &#8216;verde&#8217; de Quito. \u201cDetr\u00e1s de estos trabajos, hay que agradecer a obreros, t\u00e9cnicos y\u00a0 funcionarios que para nosotros son un orgullo\u201d, dijo.<\/p>\n<p style=\"text-align: left;\">Por \u00faltimo, la m\u00e1xima autoridad ambiental realiz\u00f3 un recorrido por las obras entregadas y atestigu\u00f3 junto con las dem\u00e1s presentes los estudios realizados de topograf\u00eda, calidad del suelo y dise\u00f1o. El objetivo ser\u00e1 realizar posteriores recomendaciones.<\/p>\n<p><strong>Audio:<\/strong><br \/>\n<iframe loading=\"lazy\" width=\"100%\" height=\"166\" scrolling=\"no\" frameborder=\"no\" src=\"https:\/\/w.soundcloud.com\/player\/?url=http%3A%2F%2Fapi.soundcloud.com%2Ftracks%2F70342883\"><\/iframe><\/p>\n<p><strong>La foto:<\/strong><\/p>\n<p><a href=\"http:\/\/www.ambienteyenergia.gob.ec\/ambiente\/wp-content\/uploads\/2012\/12\/tef7.jpg\"><img loading=\"lazy\" decoding=\"async\" class=\"aligncenter size-full wp-image-7989\" title=\"La m\u00e1xima autoridad ambiental realiz\u00f3 un recorrido por las obras entregadas y atestigu\u00f3 junto con las dem\u00e1s presentes los estudios realizados de topograf\u00eda, calidad del suelo y dise\u00f1o. El objetivo ser\u00e1 realizar posteriores recomendaciones. \" src=\"http:\/\/www.ambienteyenergia.gob.ec\/ambiente\/wp-content\/uploads\/2012\/12\/tef7.jpg\" alt=\"\" width=\"650\" height=\"409\" srcset=\"https:\/\/www.ambienteyenergia.gob.ec\/ambiente\/wp-content\/uploads\/sites\/2\/2012\/12\/tef7.jpg 650w, https:\/\/www.ambienteyenergia.gob.ec\/ambiente\/wp-content\/uploads\/sites\/2\/2012\/12\/tef7-300x188.jpg 300w, https:\/\/www.ambienteyenergia.gob.ec\/ambiente\/wp-content\/uploads\/sites\/2\/2012\/12\/tef7-476x300.jpg 476w\" sizes=\"auto, (max-width: 650px) 100vw, 650px\" \/><\/a><strong>StoriFy<\/strong>:<br \/>\n<script type=\"text\/javascript\" src=\"\/\/storify.com\/Ambiente_Ec\/obras-en-parque-guapulo.js?template=slideshow\"><\/script><\/p>\n<p><noscript>[<a href=\"\/\/storify.com\/Ambiente_Ec\/obras-en-parque-guapulo\" target=\"_blank\">View the story \u00abObras en Parque Gu\u00e1pulo\u00bb on Storify<\/a>]<\/noscript>&nbsp;<\/p>\n<p><noscript>[<a href=\"\/\/storify.com\/Ambiente_Ec\/obras-en-parque-guapulo\" target=\"_blank\">View the story \u00abObras en Parque Gu\u00e1pulo\u00bb on Storify<\/a>]<\/noscript><\/p>\n","protected":false},"excerpt":{"rendered":"<p class=\"excerpt\">13,93 hect\u00e1reas conforman el nuevo espacio &#8216;verde&#8217; de la capital El Ministerio del Ambiente (MAE), a trav\u00e9s de la Empresa P\u00fablica de Parques Naturales y Espacios P\u00fablicos EP (EPPNEP), entrego hoy (viernes) las primeras obras del Parque Gu\u00e1pulo a la ciudad de Quito. En el marco de la conmemoraci\u00f3n de los 478 a\u00f1os de fundaci\u00f3n de la capital,\u00a0 la Ministra&hellip; <a href=\"https:\/\/www.ambienteyenergia.gob.ec\/ambiente\/mae-entrego-las-primeras-obras-de-parque-guapulo-el-nuevo-pulmon-de-los-quitenos\/\">Read more &rarr;<\/a><\/p>\n","protected":false},"author":13,"featured_media":7988,"comment_status":"open","ping_status":"open","sticky":false,"template":"","format":"standard","meta":{"footnotes":""},"categories":[16,4],"tags":[],"class_list":["post-7985","post","type-post","status-publish","format-standard","has-post-thumbnail","hentry","category-comunicamos","category-noticias","xfolkentry"],"_links":{"self":[{"href":"https:\/\/www.ambienteyenergia.gob.ec\/ambiente\/wp-json\/wp\/v2\/posts\/7985","targetHints":{"allow":["GET"]}}],"collection":[{"href":"https:\/\/www.ambienteyenergia.gob.ec\/ambiente\/wp-json\/wp\/v2\/posts"}],"about":[{"href":"https:\/\/www.ambienteyenergia.gob.ec\/ambiente\/wp-json\/wp\/v2\/types\/post"}],"author":[{"embeddable":true,"href":"https:\/\/www.ambienteyenergia.gob.ec\/ambiente\/wp-json\/wp\/v2\/users\/13"}],"replies":[{"embeddable":true,"href":"https:\/\/www.ambienteyenergia.gob.ec\/ambiente\/wp-json\/wp\/v2\/comments?post=7985"}],"version-history":[{"count":0,"href":"https:\/\/www.ambienteyenergia.gob.ec\/ambiente\/wp-json\/wp\/v2\/posts\/7985\/revisions"}],"wp:featuredmedia":[{"embeddable":true,"href":"https:\/\/www.ambienteyenergia.gob.ec\/ambiente\/wp-json\/wp\/v2\/media\/7988"}],"wp:attachment":[{"href":"https:\/\/www.ambienteyenergia.gob.ec\/ambiente\/wp-json\/wp\/v2\/media?parent=7985"}],"wp:term":[{"taxonomy":"category","embeddable":true,"href":"https:\/\/www.ambienteyenergia.gob.ec\/ambiente\/wp-json\/wp\/v2\/categories?post=7985"},{"taxonomy":"post_tag","embeddable":true,"href":"https:\/\/www.ambienteyenergia.gob.ec\/ambiente\/wp-json\/wp\/v2\/tags?post=7985"}],"curies":[{"name":"wp","href":"https:\/\/api.w.org\/{rel}","templated":true}]}}