{"id":7980,"date":"2012-12-07T12:50:07","date_gmt":"2012-12-07T17:50:07","guid":{"rendered":"http:\/\/www.ambiente.gob.ec\/?p=7980"},"modified":"2012-12-07T13:05:55","modified_gmt":"2012-12-07T18:05:55","slug":"guayaquil-ecologico-expone-sus-procesos-al-proyecto-laguna-yahuarcocha","status":"publish","type":"post","link":"https:\/\/www.ambienteyenergia.gob.ec\/ambiente\/guayaquil-ecologico-expone-sus-procesos-al-proyecto-laguna-yahuarcocha\/","title":{"rendered":"Guayaquil Ecologico expone sus procesos al proyecto Laguna Yahuarcocha"},"content":{"rendered":"<p style=\"text-align: left;\">Los d\u00edas martes 4 y mi\u00e9rcoles 5 de Diciembre, el Proyecto Guayaquil Ecol\u00f3gico-componente Estero Salado, recibi\u00f3 a los T\u00e9cnicos del Municipio de Ibarra quienes lideran el Proyecto \u201cManejo Integral de la Laguna Yahuarcocha\u201d, con el fin de exponerles los procesos que llevan a cabo para la restauraci\u00f3n ecol\u00f3gica del Estero Salado y as\u00ed retroalimentarse de conocimientos.<\/p>\n<p style=\"text-align: left;\">Esta visita de campo nace ante la necesidad del Municipio de Ibarra en obtener informaci\u00f3n sobre procesos t\u00e9cnico-cient\u00edficos que desarrolla el proyecto Guayaquil Ecol\u00f3gico, y ver la manera de aplicarlos a la problem\u00e1tica actual que posee la Laguna Yahuarcocha, con una contaminaci\u00f3n del 40% de su cuerpo acu\u00e1tico, causado por diversos factores como descargas dom\u00e9sticas y de desechos s\u00f3lidos.<\/p>\n<p style=\"text-align: left;\">El Subsecretario de Gesti\u00f3n Marina y Costera, les dio la m\u00e1s cordial bienvenida y expres\u00f3 con entusiasmo que muchos de los procesos que se est\u00e1n llevando a cabo para la restauraci\u00f3n van teniendo resultados favorables. \u00a8 Si bien es cierto la recuperaci\u00f3n total del Estero Salado es un trabajo largo, hemos avanzado en algunos aspectos como la oxigenaci\u00f3n forzada, educaci\u00f3n ambiental, reforestaci\u00f3n de manglar, recuperaci\u00f3n de riberas, recolecci\u00f3n de desechos s\u00f3lidos y m\u00e1s\u00a8, agreg\u00f3.<\/p>\n<p style=\"text-align: left;\">La jornada de trabajo se dividi\u00f3 en dos d\u00edas: charlas de procesos implementados en el Estero salado, donde se expuso: reforestaci\u00f3n de manglar, batimetr\u00eda, sedimentos, educaci\u00f3n ambiental, estaciones de superoxigenaci\u00f3n, remoci\u00f3n de palafitos, intervenci\u00f3n general en riberas y avances de los procesos en general.<\/p>\n<p style=\"text-align: left;\">Posteriormente se realizaron las visitas de campo, donde se recorri\u00f3 el estero salado v\u00eda mar\u00edtima y terrestre, pudiendo constatar la situaci\u00f3n actual del estero por sus diferentes ramales. Los T\u00e9cnicos del Proyecto Manejo Integral de la Laguna Yahuarcocha, se mostraron muy sorprendidos por los estrangulamientos de ciertos ramales as\u00ed como tambi\u00e9n de los rellenos il\u00edcitos que perjudican las riberas del estuario, sobre lo cual el proyecto est\u00e1 actuando en el \u00e1mbito social y ambiental.<\/p>\n<p style=\"text-align: left;\">Las 4 estaciones de superorxigenaci\u00f3n funcionando hasta la fecha, les llam\u00f3 mucho la atenci\u00f3n, por lo que indicaron que este proceso ser\u00eda uno de los indicados para mejorar la calidad de agua de la Laguna Yahuarcocha, la cual tiene un espejo de agua de 257 hect\u00e1reas con un per\u00edmetro navegable de 7.970 m y una profundidad m\u00e1xima de 8 m.<\/p>\n<p style=\"text-align: left;\">Juan Manuel Mantilla, Director de Turismo del Municipio de Ibarra, mostr\u00f3 aprecio por el trabajo realizado en el Estero Salado, \u00a8 Noto un gran avance, vimos el antes y el despu\u00e9s de ciertos sectores del estero, la reconformaci\u00f3n de las riberas, reforestaci\u00f3n de manglar y mingas de limpieza, son trabajos que denotan el cambio, a pesar de que sea un problema ambientalmente significativo \u00a8 manifest\u00f3.<\/p>\n","protected":false},"excerpt":{"rendered":"<p class=\"excerpt\">Los d\u00edas martes 4 y mi\u00e9rcoles 5 de Diciembre, el Proyecto Guayaquil Ecol\u00f3gico-componente Estero Salado, recibi\u00f3 a los T\u00e9cnicos del Municipio de Ibarra quienes lideran el Proyecto \u201cManejo Integral de la Laguna Yahuarcocha\u201d, con el fin de exponerles los procesos que llevan a cabo para la restauraci\u00f3n ecol\u00f3gica del Estero Salado y as\u00ed retroalimentarse de conocimientos. Esta visita de campo&hellip; <a href=\"https:\/\/www.ambienteyenergia.gob.ec\/ambiente\/guayaquil-ecologico-expone-sus-procesos-al-proyecto-laguna-yahuarcocha\/\">Read more &rarr;<\/a><\/p>\n","protected":false},"author":13,"featured_media":7981,"comment_status":"open","ping_status":"open","sticky":false,"template":"","format":"standard","meta":{"footnotes":""},"categories":[16,4],"tags":[],"class_list":["post-7980","post","type-post","status-publish","format-standard","has-post-thumbnail","hentry","category-comunicamos","category-noticias","xfolkentry"],"_links":{"self":[{"href":"https:\/\/www.ambienteyenergia.gob.ec\/ambiente\/wp-json\/wp\/v2\/posts\/7980","targetHints":{"allow":["GET"]}}],"collection":[{"href":"https:\/\/www.ambienteyenergia.gob.ec\/ambiente\/wp-json\/wp\/v2\/posts"}],"about":[{"href":"https:\/\/www.ambienteyenergia.gob.ec\/ambiente\/wp-json\/wp\/v2\/types\/post"}],"author":[{"embeddable":true,"href":"https:\/\/www.ambienteyenergia.gob.ec\/ambiente\/wp-json\/wp\/v2\/users\/13"}],"replies":[{"embeddable":true,"href":"https:\/\/www.ambienteyenergia.gob.ec\/ambiente\/wp-json\/wp\/v2\/comments?post=7980"}],"version-history":[{"count":0,"href":"https:\/\/www.ambienteyenergia.gob.ec\/ambiente\/wp-json\/wp\/v2\/posts\/7980\/revisions"}],"wp:featuredmedia":[{"embeddable":true,"href":"https:\/\/www.ambienteyenergia.gob.ec\/ambiente\/wp-json\/wp\/v2\/media\/7981"}],"wp:attachment":[{"href":"https:\/\/www.ambienteyenergia.gob.ec\/ambiente\/wp-json\/wp\/v2\/media?parent=7980"}],"wp:term":[{"taxonomy":"category","embeddable":true,"href":"https:\/\/www.ambienteyenergia.gob.ec\/ambiente\/wp-json\/wp\/v2\/categories?post=7980"},{"taxonomy":"post_tag","embeddable":true,"href":"https:\/\/www.ambienteyenergia.gob.ec\/ambiente\/wp-json\/wp\/v2\/tags?post=7980"}],"curies":[{"name":"wp","href":"https:\/\/api.w.org\/{rel}","templated":true}]}}