{"id":7956,"date":"2012-12-05T17:42:13","date_gmt":"2012-12-05T22:42:13","guid":{"rendered":"http:\/\/www.ambiente.gob.ec\/?p=7956"},"modified":"2012-12-05T17:50:34","modified_gmt":"2012-12-05T22:50:34","slug":"viceministra-del-ambiente-participa-en-reunion-ministerial-de-la-asociacion-redd-en-la-cop-18","status":"publish","type":"post","link":"https:\/\/www.ambienteyenergia.gob.ec\/ambiente\/viceministra-del-ambiente-participa-en-reunion-ministerial-de-la-asociacion-redd-en-la-cop-18\/","title":{"rendered":"Viceministra del Ambiente participa en reuni\u00f3n ministerial de la Asociaci\u00f3n REDD+ en la COP 18"},"content":{"rendered":"<p style=\"text-align: left;\">La Viceministra del Ambiente, Mercy Borbor y la Subsecretaria de Cambio Clim\u00e1tico, Carola Borja, participaron como representantes del Ecuador en la reuni\u00f3n de la Asociaci\u00f3n del Mecanismo de Reducci\u00f3n de Emisiones por Deforestaci\u00f3n y Degradaci\u00f3n de bosques \u2013 REDD+, en los pa\u00edses en desarrollo.<\/p>\n<p>La Asociaci\u00f3n REDD+ act\u00faa como una plataforma provisional para que los pa\u00edses socios puedan ampliar las acciones y los fondos destinados a las iniciativas de este mecanismo.<\/p>\n<p style=\"text-align: left;\">Esta Asociaci\u00f3n se encuentra operativa desde este a\u00f1o, y se ha orientado en la adopci\u00f3n de acciones inmediatas, para contribuir a mejorar la eficacia, la transparencia y la coordinaci\u00f3n de las iniciativas y de los instrumentos financieros de REDD+; para facilitar, entre otros aspectos, la transferencia de conocimientos, el incremento de capacidades, las acciones de mitigaci\u00f3n y\u00a0 transferencia de tecnolog\u00eda.<\/p>\n<p style=\"text-align: left;\">En el contexto de la COP 18 \u2013 CMP 8, la Asociaci\u00f3n REDD+ convoc\u00f3 a los Ministros y Ministras de Ambiente y representantes de alto nivel de los pa\u00edses que son parte de la Asociaci\u00f3n, a una reuni\u00f3n de trabajo para discutir sus perspectivas con respecto al futuro de la Asociaci\u00f3n y las actividades que \u00e9sta deber\u00eda realizar en el 2013.<\/p>\n<p style=\"text-align: left;\">En dicha reuni\u00f3n la Viceministra del Ambiente de Ecuador, realiz\u00f3 una intervenci\u00f3n para resaltar los avances nacionales en las acciones que lleva adelante el Gobierno del Ecuador para combatir el cambio clim\u00e1tico, en particular en el sector forestal.\u00a0 Como un ejemplo de una iniciativa exitosa impulsada por el Gobierno Nacional que ha aportado a la conservaci\u00f3n de los bosques,se destac\u00f3 el Programa Socio Bosque y los logros alcanzados en cuanto al aporte en el mejoramiento de las condiciones de vida de los ecuatorianos y ecuatorianas.<\/p>\n<p style=\"text-align: left;\">Adem\u00e1s, se indic\u00f3 la intenci\u00f3n del Gobierno de avanzar en la construcci\u00f3n de su primer Plan Nacional de Mitigaci\u00f3n que incluir\u00e1 como uno de sus elementos al Programa Nacional REDD+.\u00a0 Finalmente, se resalt\u00f3 la importancia del apoyo financiero y tecnol\u00f3gico que los pa\u00edses en desarrollo &#8211; que se preparan en implementar REDD+ &#8211; necesitan para contribuir a los objetivos globales de mitigar el cambio clim\u00e1tico, en particular en el sector forestal.<\/p>\n<p>La Viceministra mencion\u00f3 su deseo de \u201creconocer el arduo trabajo hecho por la Asociaci\u00f3n desde su creaci\u00f3n, con lo cual ha contribuido a importantes avances en la preparaci\u00f3n para la implementaci\u00f3n de REDD+ en los pa\u00edses en desarrollo, y recalcar que a\u00fan hay actividades pendientes encomendadas a la Asociaci\u00f3n en su inicio que son fundamentales para nuestros pa\u00edses; por lo que la definici\u00f3n de un nuevo plan de trabajo robusto, que nos permita efectivamente canalizar el financiamiento tan necesario para el desarrollo de actividades de preparaci\u00f3n en los pa\u00edses, debe ser nuestra prioridad\u2026\u201d.<\/p>\n<p style=\"text-align: left;\"><strong>Datos:<\/strong><\/p>\n<p style=\"text-align: left;\">Cada a\u00f1o se realiza una reuni\u00f3n ministerial con el fin de tomar decisiones estrat\u00e9gicas con respecto al plan de trabajo de la Asociaci\u00f3n<\/p>\n<p>Co-presidieron la reuni\u00f3n de la Asociaci\u00f3n REDD+ el Sr. Ren\u00e9 Castro Salaz\u00e1r, Ministro del Ambiente, Energ\u00eda y Telecomunicaciones de Costa Rica y el Sr. Jonathan Pershing, Oficial Especial Enviado de Cambio Clim\u00e1tico, del Gobierno de los Estados Unidos<\/p>\n<p>El mecanismo REDD+ fue\u00a0 reconocido como un mecanismo oficial que aporta a la mitigaci\u00f3n del cambio clim\u00e1tico\u00a0 durante la COP 16 en Canc\u00fan, M\u00e9xico.<\/p>\n<p>El Ecuador ha participado\u00a0 en las reuniones de la Asociaci\u00f3n y ha aportado en la construcci\u00f3n y avance de sus planes operativos; adem\u00e1s trabaja con otros pa\u00edses en desarrollo en este espacio de coordinaci\u00f3n internacional especializado sobre el mecanismo REDD+.<\/p>\n<p><strong>M\u00e1s noticias<\/strong><\/p>\n<p><a href=\"http:\/\/www.ambienteyenergia.gob.ec\/ambiente\/finaliza-la-primera-semana-de-las-reuniones-de-la-cop-18-cmp8\/\" target=\"_blank\">&#8211; Finaliza la primera semana de las reuniones de la COP 18 \u2013 CMP8<\/a><\/p>\n<p><a href=\"http:\/\/www.ambienteyenergia.gob.ec\/ambiente\/ecuador-esta-presente-en-la-cop-18\/\" target=\"_blank\">&#8211; Ecuador est\u00e1 presente en la COP 18<\/a><\/p>\n<p><a href=\"http:\/\/www.ambienteyenergia.gob.ec\/ambiente\/avances-en-las-negociaciones-sobre-el-mecanismo-redd-en-el-marco-de-la-conferencia-de-las-partes-18-cop18-de-la-convencion-marco-de-naciones-unidas-sobre-cambio-climatico\/\" target=\"_blank\">&#8211; Avances en las negociaciones sobre el mecanismo REDD+, en el marco de la Conferencia de las Partes 18 (COP18) de la Convenci\u00f3n Marco de Naciones Unidas sobre Cambio Clim\u00e1tico.<\/a><\/p>\n<p><strong>Descarga<\/strong><\/p>\n<p><a href=\"http:\/\/ow.ly\/fHkmi\" target=\"_blank\">&#8211; Estrategia Nacional de Cambio Clim\u00e1tico: http:\/\/ow.ly\/fHkmi <\/a><\/p>\n<p><strong>La foto<\/strong><\/p>\n<p><strong><\/strong><img loading=\"lazy\" decoding=\"async\" title=\"\" src=\"http:\/\/www.ambienteyenergia.gob.ec\/ambiente\/wp-content\/uploads\/2012\/11\/dentro92.jpg\" alt=\"\" width=\"650\" height=\"375\" \/><\/p>\n<p>&nbsp;<\/p>\n<p>&nbsp;<\/p>\n","protected":false},"excerpt":{"rendered":"<p class=\"excerpt\">La Viceministra del Ambiente, Mercy Borbor y la Subsecretaria de Cambio Clim\u00e1tico, Carola Borja, participaron como representantes del Ecuador en la reuni\u00f3n de la Asociaci\u00f3n del Mecanismo de Reducci\u00f3n de Emisiones por Deforestaci\u00f3n y Degradaci\u00f3n de bosques \u2013 REDD+, en los pa\u00edses en desarrollo. La Asociaci\u00f3n REDD+ act\u00faa como una plataforma provisional para que los pa\u00edses socios puedan ampliar las&hellip; <a href=\"https:\/\/www.ambienteyenergia.gob.ec\/ambiente\/viceministra-del-ambiente-participa-en-reunion-ministerial-de-la-asociacion-redd-en-la-cop-18\/\">Read more &rarr;<\/a><\/p>\n","protected":false},"author":13,"featured_media":0,"comment_status":"open","ping_status":"open","sticky":false,"template":"","format":"standard","meta":{"footnotes":""},"categories":[16,4],"tags":[],"class_list":["post-7956","post","type-post","status-publish","format-standard","hentry","category-comunicamos","category-noticias","xfolkentry"],"_links":{"self":[{"href":"https:\/\/www.ambienteyenergia.gob.ec\/ambiente\/wp-json\/wp\/v2\/posts\/7956","targetHints":{"allow":["GET"]}}],"collection":[{"href":"https:\/\/www.ambienteyenergia.gob.ec\/ambiente\/wp-json\/wp\/v2\/posts"}],"about":[{"href":"https:\/\/www.ambienteyenergia.gob.ec\/ambiente\/wp-json\/wp\/v2\/types\/post"}],"author":[{"embeddable":true,"href":"https:\/\/www.ambienteyenergia.gob.ec\/ambiente\/wp-json\/wp\/v2\/users\/13"}],"replies":[{"embeddable":true,"href":"https:\/\/www.ambienteyenergia.gob.ec\/ambiente\/wp-json\/wp\/v2\/comments?post=7956"}],"version-history":[{"count":0,"href":"https:\/\/www.ambienteyenergia.gob.ec\/ambiente\/wp-json\/wp\/v2\/posts\/7956\/revisions"}],"wp:attachment":[{"href":"https:\/\/www.ambienteyenergia.gob.ec\/ambiente\/wp-json\/wp\/v2\/media?parent=7956"}],"wp:term":[{"taxonomy":"category","embeddable":true,"href":"https:\/\/www.ambienteyenergia.gob.ec\/ambiente\/wp-json\/wp\/v2\/categories?post=7956"},{"taxonomy":"post_tag","embeddable":true,"href":"https:\/\/www.ambienteyenergia.gob.ec\/ambiente\/wp-json\/wp\/v2\/tags?post=7956"}],"curies":[{"name":"wp","href":"https:\/\/api.w.org\/{rel}","templated":true}]}}