{"id":7937,"date":"2012-12-05T17:44:18","date_gmt":"2012-12-05T22:44:18","guid":{"rendered":"http:\/\/www.ambiente.gob.ec\/?p=7937"},"modified":"2012-12-05T17:55:37","modified_gmt":"2012-12-05T22:55:37","slug":"mae-informa-sobre-contaminacion-del-rio-cucaracha","status":"publish","type":"post","link":"https:\/\/www.ambienteyenergia.gob.ec\/ambiente\/mae-informa-sobre-contaminacion-del-rio-cucaracha\/","title":{"rendered":"Ministerio del Ambiente actua frente a contaminaci\u00f3n en r\u00edo La Perla"},"content":{"rendered":"<p>Ante las versiones difundidas por ciudadanos sobre la contaminaci\u00f3n del R\u00edo Cucaracha en el Cant\u00f3n La Concordia, Provincia de Esmeraldas (Zona del Bosque Protector La Perla), informe t\u00e9cnico del Ministerio del Ambiente (MAE) aclara:<\/p>\n<ol>\n<li>MAE, en coordinaci\u00f3n con la Secretar\u00eda Nacional de Gesti\u00f3n de Riesgos (SNGR) y la Secretar\u00eda Nacional del Agua (Senagua), difundi\u00f3 que no se utilice el agua de r\u00edo Cucaracha.<\/li>\n<li>MAE dialog\u00f3 de forma inmediata con Pl\u00e1cido Palacios, encargado del Bosque Protector La Perla, para plantear acciones conjuntas de remediaci\u00f3n.<\/li>\n<li>En la rivera del r\u00edo Cucaracha se constat\u00f3 olor a descomposici\u00f3n, pel\u00edcula aceitosa (aparentemente aceite de palma africana), espuma blanca en superficie y presencia de peces y aves muertas.<\/li>\n<li>Recorrido aguas arriba (v\u00eda a Santo Domingo) se evidenci\u00f3 los mismos problemas, por lo que se visit\u00f3 cinco empresas cercanas, y se identific\u00f3 descargas al r\u00edo Cucaracha por parte de dos extractoras de aceite de palmiste y de palma.<\/li>\n<li>Seg\u00fan primeros detalles, las empresas en cuesti\u00f3n ser\u00edan las presuntas responsables de la afectaci\u00f3n ambiental en R\u00edo Cucaracha. La mismas que se encuentran en proceso de licenciamiento.<\/li>\n<\/ol>\n<p><strong>Planes de acci\u00f3n<\/strong><\/p>\n<p>Las Direcci\u00f3nes Provinciales del Ambiente en Esmeraldas y Santo Domingo de los Ts\u00e1chilas, dentro del \u00e1mbito de sus competencias, solicitar\u00e1n la aplicaci\u00f3n de un plan de contingencia en el sector del r\u00edo Cucaracha, para que se implemente un proyecto de acci\u00f3n y remediaci\u00f3n que contemplan los estudios de impacto ambiental. Sin embargo, se pondr\u00e1 mayor \u00e9nfasis en la revisi\u00f3n de documentos habilitantes administrativos respectivos y otras actividades del proceso de regulaci\u00f3n ambiental.<\/p>\n<p>&nbsp;<\/p>\n","protected":false},"excerpt":{"rendered":"<p class=\"excerpt\">Ante las versiones difundidas por ciudadanos sobre la contaminaci\u00f3n del R\u00edo Cucaracha en el Cant\u00f3n La Concordia, Provincia de Esmeraldas (Zona del Bosque Protector La Perla), informe t\u00e9cnico del Ministerio del Ambiente (MAE) aclara: MAE, en coordinaci\u00f3n con la Secretar\u00eda Nacional de Gesti\u00f3n de Riesgos (SNGR) y la Secretar\u00eda Nacional del Agua (Senagua), difundi\u00f3 que no se utilice el agua&hellip; <a href=\"https:\/\/www.ambienteyenergia.gob.ec\/ambiente\/mae-informa-sobre-contaminacion-del-rio-cucaracha\/\">Read more &rarr;<\/a><\/p>\n","protected":false},"author":13,"featured_media":0,"comment_status":"open","ping_status":"open","sticky":false,"template":"","format":"standard","meta":{"footnotes":""},"categories":[16,4],"tags":[48,55,53,54,157],"class_list":["post-7937","post","type-post","status-publish","format-standard","hentry","category-comunicamos","category-noticias","tag-ecuador","tag-esmeraldas","tag-mae","tag-ministerio-del-ambiente","tag-rio-cucaracha","xfolkentry"],"_links":{"self":[{"href":"https:\/\/www.ambienteyenergia.gob.ec\/ambiente\/wp-json\/wp\/v2\/posts\/7937","targetHints":{"allow":["GET"]}}],"collection":[{"href":"https:\/\/www.ambienteyenergia.gob.ec\/ambiente\/wp-json\/wp\/v2\/posts"}],"about":[{"href":"https:\/\/www.ambienteyenergia.gob.ec\/ambiente\/wp-json\/wp\/v2\/types\/post"}],"author":[{"embeddable":true,"href":"https:\/\/www.ambienteyenergia.gob.ec\/ambiente\/wp-json\/wp\/v2\/users\/13"}],"replies":[{"embeddable":true,"href":"https:\/\/www.ambienteyenergia.gob.ec\/ambiente\/wp-json\/wp\/v2\/comments?post=7937"}],"version-history":[{"count":0,"href":"https:\/\/www.ambienteyenergia.gob.ec\/ambiente\/wp-json\/wp\/v2\/posts\/7937\/revisions"}],"wp:attachment":[{"href":"https:\/\/www.ambienteyenergia.gob.ec\/ambiente\/wp-json\/wp\/v2\/media?parent=7937"}],"wp:term":[{"taxonomy":"category","embeddable":true,"href":"https:\/\/www.ambienteyenergia.gob.ec\/ambiente\/wp-json\/wp\/v2\/categories?post=7937"},{"taxonomy":"post_tag","embeddable":true,"href":"https:\/\/www.ambienteyenergia.gob.ec\/ambiente\/wp-json\/wp\/v2\/tags?post=7937"}],"curies":[{"name":"wp","href":"https:\/\/api.w.org\/{rel}","templated":true}]}}