{"id":7930,"date":"2012-12-05T17:44:37","date_gmt":"2012-12-05T22:44:37","guid":{"rendered":"http:\/\/www.ambiente.gob.ec\/?p=7930"},"modified":"2012-12-05T17:55:43","modified_gmt":"2012-12-05T22:55:43","slug":"mae-inaugurara-estaciones-meteorologicas-automaticas-en-volcan-antisana","status":"publish","type":"post","link":"https:\/\/www.ambienteyenergia.gob.ec\/ambiente\/mae-inaugurara-estaciones-meteorologicas-automaticas-en-volcan-antisana\/","title":{"rendered":"MAE inaugurar\u00e1 Estaciones Meteorol\u00f3gicas Autom\u00e1ticas en volc\u00e1n Antisana"},"content":{"rendered":"<p>El Ministerio del Ambiente (MAE), a trav\u00e9s del Proyecto de Adaptaci\u00f3n\u00a0 al Impacto del Retroceso Acelerado de Glaciares en los Andes Tropicales (PRAA), inaugura\u00a0 oficialmente dos Estaciones Meteorol\u00f3gicas Autom\u00e1ticas para el Monitoreo de Glaciares y P\u00e1ramos\u201d.<\/p>\n<p>Este solemne acto se llevar\u00e1 a cabo el d\u00eda mi\u00e9rcoles 12 de diciembre del a\u00f1o en curso, en la locaci\u00f3n del p\u00e1ramo ubicada dentro de la hacienda Antisana de propiedad de la Empresa P\u00fablica Metropolitana de Agua Potable y Saneamiento (EPMAPS), a las 10:00 horas.<\/p>\n<p>En vista de que los glaciares andinos han entrado en una fase acelerada de retroceso debido al cambio clim\u00e1tico, es de suma importancia contar con informaci\u00f3n sobre la variaci\u00f3n en los patrones del clima y las consecuencias sobre los ecosistemas altoandinos, motivos por los que el PRAA, en coordinaci\u00f3n con varias instituciones, contribuye en el desarrollo de investigaciones y acciones de monitoreo de glaciares del volc\u00e1n Antisana, en un contexto de adaptaci\u00f3n al cambio clim\u00e1tico.<\/p>\n<p>Los objetivos del PRAA son contribuir al fortalecimiento de la capacidad adaptativa de los sistemas alto andinos y las econom\u00edas locales frente a los impactos del cambio clim\u00e1tico y el retroceso glaciar en cuencas seleccionadas de los Andes Tropicales. En esta zona el PRAA enfatiza en trabajos de manejo sostenible, conservaci\u00f3n y restauraci\u00f3n de los p\u00e1ramos, as\u00ed como en estudios e investigaciones que relacionan cambio clim\u00e1tico \u2013 glaciares \u2013 p\u00e1ramos \u2013 disponibilidad de agua \u2013 afectaciones a medios de vida.<\/p>\n<p>Las principales utilidades de las estaciones a inaugurarse son la generaci\u00f3n de informaci\u00f3n que sustente estudios e investigaciones cient\u00edficas, la conformaci\u00f3n de una red andina de estaciones de gran altura, y la contribuci\u00f3n a la base de datos climatol\u00f3gicos en el Ecuador.<\/p>\n<p>En vista de la importancia de este evento, esperamos contar con su presencia, para lo cual, es necesario confirmar su participaci\u00f3n para la adecuada organizaci\u00f3n log\u00edstica.<\/p>\n<p><strong>Comunicarse con:<\/strong><\/p>\n<p><strong>Paola Vargas:<\/strong>\u00a0 <a href=\"rvargas@ambiente.gob.ec\" target=\"_blank\">rvargas@ambiente.gob.ec<\/a> \u2013 0984257718<br \/>\n<strong>Eugenia Mart\u00ednez<\/strong>: <a href=\"emartinez@ambiente.gob.ec\" target=\"_blank\">emartinez@ambiente.gob.ec<\/a> &#8211;\u00a0 0999868900<\/p>\n","protected":false},"excerpt":{"rendered":"<p class=\"excerpt\">El Ministerio del Ambiente (MAE), a trav\u00e9s del Proyecto de Adaptaci\u00f3n\u00a0 al Impacto del Retroceso Acelerado de Glaciares en los Andes Tropicales (PRAA), inaugura\u00a0 oficialmente dos Estaciones Meteorol\u00f3gicas Autom\u00e1ticas para el Monitoreo de Glaciares y P\u00e1ramos\u201d. Este solemne acto se llevar\u00e1 a cabo el d\u00eda mi\u00e9rcoles 12 de diciembre del a\u00f1o en curso, en la locaci\u00f3n del p\u00e1ramo ubicada dentro&hellip; <a href=\"https:\/\/www.ambienteyenergia.gob.ec\/ambiente\/mae-inaugurara-estaciones-meteorologicas-automaticas-en-volcan-antisana\/\">Read more &rarr;<\/a><\/p>\n","protected":false},"author":13,"featured_media":7934,"comment_status":"open","ping_status":"open","sticky":false,"template":"","format":"standard","meta":{"footnotes":""},"categories":[16,4],"tags":[51,48,156,108,53,54,155],"class_list":["post-7930","post","type-post","status-publish","format-standard","has-post-thumbnail","hentry","category-comunicamos","category-noticias","tag-ambiente","tag-ecuador","tag-estaciones-meteorologicas-automaticas","tag-lorena-tapia","tag-mae","tag-ministerio-del-ambiente","tag-volcan-antisana","xfolkentry"],"_links":{"self":[{"href":"https:\/\/www.ambienteyenergia.gob.ec\/ambiente\/wp-json\/wp\/v2\/posts\/7930","targetHints":{"allow":["GET"]}}],"collection":[{"href":"https:\/\/www.ambienteyenergia.gob.ec\/ambiente\/wp-json\/wp\/v2\/posts"}],"about":[{"href":"https:\/\/www.ambienteyenergia.gob.ec\/ambiente\/wp-json\/wp\/v2\/types\/post"}],"author":[{"embeddable":true,"href":"https:\/\/www.ambienteyenergia.gob.ec\/ambiente\/wp-json\/wp\/v2\/users\/13"}],"replies":[{"embeddable":true,"href":"https:\/\/www.ambienteyenergia.gob.ec\/ambiente\/wp-json\/wp\/v2\/comments?post=7930"}],"version-history":[{"count":0,"href":"https:\/\/www.ambienteyenergia.gob.ec\/ambiente\/wp-json\/wp\/v2\/posts\/7930\/revisions"}],"wp:featuredmedia":[{"embeddable":true,"href":"https:\/\/www.ambienteyenergia.gob.ec\/ambiente\/wp-json\/wp\/v2\/media\/7934"}],"wp:attachment":[{"href":"https:\/\/www.ambienteyenergia.gob.ec\/ambiente\/wp-json\/wp\/v2\/media?parent=7930"}],"wp:term":[{"taxonomy":"category","embeddable":true,"href":"https:\/\/www.ambienteyenergia.gob.ec\/ambiente\/wp-json\/wp\/v2\/categories?post=7930"},{"taxonomy":"post_tag","embeddable":true,"href":"https:\/\/www.ambienteyenergia.gob.ec\/ambiente\/wp-json\/wp\/v2\/tags?post=7930"}],"curies":[{"name":"wp","href":"https:\/\/api.w.org\/{rel}","templated":true}]}}