{"id":7925,"date":"2012-12-05T10:01:51","date_gmt":"2012-12-05T15:01:51","guid":{"rendered":"http:\/\/www.ambiente.gob.ec\/?p=7925"},"modified":"2012-12-05T10:04:33","modified_gmt":"2012-12-05T15:04:33","slug":"mae-realiza-el-primer-chasqui-ambiental","status":"publish","type":"post","link":"https:\/\/www.ambienteyenergia.gob.ec\/ambiente\/mae-realiza-el-primer-chasqui-ambiental\/","title":{"rendered":"MAE realiz\u00e1 el primer Chasqui Ambiental"},"content":{"rendered":"<p style=\"text-align: left;\">Con la participaci\u00f3n del Gobernador de Imbabura, el Coordinador Zonal 1 y la Directora Provincial del Carchi del Ministerio del Ambiente (MAE) este 03 de diciembre de 2012, a partir de las 10:00 se realiz\u00f3 la rueda de prensa en las instalaciones de la Gobernaci\u00f3n de Imbabura, con motivo de dar a conocer a la ciudadan\u00eda a trav\u00e9s de los diferentes medios de comunicaci\u00f3n sobre el Primer Chasqui Ambiental organizado por la Zona 1 del Ministerio del Ambiente a realizarse este viernes 07 de diciembre desde las 06:00 am.<\/p>\n<p>Julio Marcelo Villamarin, Gobernador (e) de la Provincia de Imbabura recalc\u00f3 la importancia del cuidado del ambiente, la articulaci\u00f3n interinstitucional y el trabajo que se viene realizando desde la Presidencia, la ejecuci\u00f3n de obras de gran impacto en la poblaci\u00f3n.<\/p>\n<p>Segundo Fuentes, Coordinador de la Zona 1 del Ministerio del Ambiente explico que el objetivo de este gran evento es la de recorrer por los caminos del Taita Imbabura llevando el mensaje ambiental del Buen Vivir, sensibilizando a los participantes e intercambiar experiencias y saberes sobre gesti\u00f3n ambiental participativa. Los participantes saldr\u00e1n desde Cajas, l\u00edmite entre las provincias de Imbabura y Pichincha y terminar\u00e1n en la ciudad de Ibarra.<\/p>\n<p>Jeny Chal\u00e1, Directora Provincial del Ambiente del Carchi recalc\u00f3 la importancia de que la poblaci\u00f3n debe conocer los logros alcanzados en la regional en el sector ambiental, como el de la Reserva Ecol\u00f3gica El \u00c1ngel que este a\u00f1o 2012 fue declarada como uno de los sitios RAMSAR por su importancia en la conservaci\u00f3n y uso racional de los humedales contribuyendo al desarrollo sostenible en todo el mundo.<\/p>\n<p>Otro de los objetivos del recorrido es ver las obras que el Ministerio del Ambiente ha realizado en coordinaci\u00f3n con Gobiernos sectoriales, como las plantas de Tratamiento de las aguas del Lago San Pablo, la declaratoria de Reserva Ecol\u00f3gica Municipal del Taita Imbabura, licencias ambientales entregadas a varias obras, etc.<\/p>\n<p>&nbsp;<\/p>\n","protected":false},"excerpt":{"rendered":"<p class=\"excerpt\">Con la participaci\u00f3n del Gobernador de Imbabura, el Coordinador Zonal 1 y la Directora Provincial del Carchi del Ministerio del Ambiente (MAE) este 03 de diciembre de 2012, a partir de las 10:00 se realiz\u00f3 la rueda de prensa en las instalaciones de la Gobernaci\u00f3n de Imbabura, con motivo de dar a conocer a la ciudadan\u00eda a trav\u00e9s de los&hellip; <a href=\"https:\/\/www.ambienteyenergia.gob.ec\/ambiente\/mae-realiza-el-primer-chasqui-ambiental\/\">Read more &rarr;<\/a><\/p>\n","protected":false},"author":13,"featured_media":7926,"comment_status":"open","ping_status":"open","sticky":false,"template":"","format":"standard","meta":{"footnotes":""},"categories":[16,4],"tags":[],"class_list":["post-7925","post","type-post","status-publish","format-standard","has-post-thumbnail","hentry","category-comunicamos","category-noticias","xfolkentry"],"_links":{"self":[{"href":"https:\/\/www.ambienteyenergia.gob.ec\/ambiente\/wp-json\/wp\/v2\/posts\/7925","targetHints":{"allow":["GET"]}}],"collection":[{"href":"https:\/\/www.ambienteyenergia.gob.ec\/ambiente\/wp-json\/wp\/v2\/posts"}],"about":[{"href":"https:\/\/www.ambienteyenergia.gob.ec\/ambiente\/wp-json\/wp\/v2\/types\/post"}],"author":[{"embeddable":true,"href":"https:\/\/www.ambienteyenergia.gob.ec\/ambiente\/wp-json\/wp\/v2\/users\/13"}],"replies":[{"embeddable":true,"href":"https:\/\/www.ambienteyenergia.gob.ec\/ambiente\/wp-json\/wp\/v2\/comments?post=7925"}],"version-history":[{"count":0,"href":"https:\/\/www.ambienteyenergia.gob.ec\/ambiente\/wp-json\/wp\/v2\/posts\/7925\/revisions"}],"wp:featuredmedia":[{"embeddable":true,"href":"https:\/\/www.ambienteyenergia.gob.ec\/ambiente\/wp-json\/wp\/v2\/media\/7926"}],"wp:attachment":[{"href":"https:\/\/www.ambienteyenergia.gob.ec\/ambiente\/wp-json\/wp\/v2\/media?parent=7925"}],"wp:term":[{"taxonomy":"category","embeddable":true,"href":"https:\/\/www.ambienteyenergia.gob.ec\/ambiente\/wp-json\/wp\/v2\/categories?post=7925"},{"taxonomy":"post_tag","embeddable":true,"href":"https:\/\/www.ambienteyenergia.gob.ec\/ambiente\/wp-json\/wp\/v2\/tags?post=7925"}],"curies":[{"name":"wp","href":"https:\/\/api.w.org\/{rel}","templated":true}]}}