{"id":7921,"date":"2012-12-05T09:53:53","date_gmt":"2012-12-05T14:53:53","guid":{"rendered":"http:\/\/www.ambiente.gob.ec\/?p=7921"},"modified":"2012-12-05T09:54:42","modified_gmt":"2012-12-05T14:54:42","slug":"mae-recibe-homenaje-en-imabura","status":"publish","type":"post","link":"https:\/\/www.ambienteyenergia.gob.ec\/ambiente\/mae-recibe-homenaje-en-imabura\/","title":{"rendered":"MAE recibe reconocimiento en Imabura"},"content":{"rendered":"<p style=\"text-align: left;\">El Gobierno Aut\u00f3nomo Descentralizado Municipal de San Miguel de Ibarra, realiz\u00f3 un evento de homenaje p\u00fablico a la Direcci\u00f3n Provincial del Ambiente de Imbabura, por el arduo trabajo efectuado en las actividades de mitigaci\u00f3n de los incendios forestales que se produjeron en este a\u00f1o a nivel nacional, con m\u00e1s incidencia y peligrosidad en nuestra provincia.<\/p>\n<p style=\"text-align: left;\">Durante la entrega del reconocimiento al Ing. Segundo Fuentes en calidad de Director Provincial del Ambiente de Imbabura y Coordinador de la Zona 1, el Ing. Jorge Mart\u00ednez Alcalde de la Ciudad de Ibarra, manifest\u00f3 el agradecimiento a nombre de la ciudadan\u00eda por la tarea permanente, silenciosa, heroica y llena de voluntad y profesionalismo que brindaron cada uno de los servidores de la Instituci\u00f3n.<\/p>\n<p style=\"text-align: left;\">Este evento se llev\u00f3 a cabo el d\u00eda viernes 30 de noviembre\u00a0 de 2012 a las 10:00 en el Parque Pedro Moncayo.<\/p>\n<p>Este homenaje recibido\u00a0 demuestra que el trabajo ejecutado\u00a0 por el Ministerio del Ambiente se ha desarrollado de forma \u00f3ptima, comprometi\u00e9ndonos a\u00fan m\u00e1s\u00a0 a seguir trabajando intensamente en el cuidado de Ambiente.<\/p>\n","protected":false},"excerpt":{"rendered":"<p class=\"excerpt\">El Gobierno Aut\u00f3nomo Descentralizado Municipal de San Miguel de Ibarra, realiz\u00f3 un evento de homenaje p\u00fablico a la Direcci\u00f3n Provincial del Ambiente de Imbabura, por el arduo trabajo efectuado en las actividades de mitigaci\u00f3n de los incendios forestales que se produjeron en este a\u00f1o a nivel nacional, con m\u00e1s incidencia y peligrosidad en nuestra provincia. Durante la entrega del reconocimiento&hellip; <a href=\"https:\/\/www.ambienteyenergia.gob.ec\/ambiente\/mae-recibe-homenaje-en-imabura\/\">Read more &rarr;<\/a><\/p>\n","protected":false},"author":13,"featured_media":7922,"comment_status":"open","ping_status":"open","sticky":false,"template":"","format":"standard","meta":{"footnotes":""},"categories":[16,4],"tags":[],"class_list":["post-7921","post","type-post","status-publish","format-standard","has-post-thumbnail","hentry","category-comunicamos","category-noticias","xfolkentry"],"_links":{"self":[{"href":"https:\/\/www.ambienteyenergia.gob.ec\/ambiente\/wp-json\/wp\/v2\/posts\/7921","targetHints":{"allow":["GET"]}}],"collection":[{"href":"https:\/\/www.ambienteyenergia.gob.ec\/ambiente\/wp-json\/wp\/v2\/posts"}],"about":[{"href":"https:\/\/www.ambienteyenergia.gob.ec\/ambiente\/wp-json\/wp\/v2\/types\/post"}],"author":[{"embeddable":true,"href":"https:\/\/www.ambienteyenergia.gob.ec\/ambiente\/wp-json\/wp\/v2\/users\/13"}],"replies":[{"embeddable":true,"href":"https:\/\/www.ambienteyenergia.gob.ec\/ambiente\/wp-json\/wp\/v2\/comments?post=7921"}],"version-history":[{"count":0,"href":"https:\/\/www.ambienteyenergia.gob.ec\/ambiente\/wp-json\/wp\/v2\/posts\/7921\/revisions"}],"wp:featuredmedia":[{"embeddable":true,"href":"https:\/\/www.ambienteyenergia.gob.ec\/ambiente\/wp-json\/wp\/v2\/media\/7922"}],"wp:attachment":[{"href":"https:\/\/www.ambienteyenergia.gob.ec\/ambiente\/wp-json\/wp\/v2\/media?parent=7921"}],"wp:term":[{"taxonomy":"category","embeddable":true,"href":"https:\/\/www.ambienteyenergia.gob.ec\/ambiente\/wp-json\/wp\/v2\/categories?post=7921"},{"taxonomy":"post_tag","embeddable":true,"href":"https:\/\/www.ambienteyenergia.gob.ec\/ambiente\/wp-json\/wp\/v2\/tags?post=7921"}],"curies":[{"name":"wp","href":"https:\/\/api.w.org\/{rel}","templated":true}]}}