{"id":7909,"date":"2012-12-04T17:38:55","date_gmt":"2012-12-04T22:38:55","guid":{"rendered":"http:\/\/www.ambiente.gob.ec\/?p=7909"},"modified":"2012-12-04T18:05:30","modified_gmt":"2012-12-04T23:05:30","slug":"ministerio-del-ambiente-recibio-reconocimiento-de-record-guiness","status":"publish","type":"post","link":"https:\/\/www.ambienteyenergia.gob.ec\/ambiente\/ministerio-del-ambiente-recibio-reconocimiento-de-record-guiness\/","title":{"rendered":"Ministerio del Ambiente recibi\u00f3 reconocimiento de R\u00e9cord Guiness"},"content":{"rendered":"<p style=\"text-align: left;\">La Ministra del Ambiente, Lorena Tapia, recibi\u00f3 el reconocimiento del R\u00e9cord Guiness, por el proyecto CIMA KIDS que se realiz\u00f3 en Quito del 24 al 28 de octubre, en el que participaron 115 mil personas y logr\u00f3 recolectar 1\u2019509.002 botellas.<\/p>\n<p style=\"text-align: left;\">Gustavo Marique, representante de CIMA KIDS, agradeci\u00f3 el apoyo brindado por el Ministerio del Ambiente y destac\u00f3 la labor emprendida por el Programa Nacional de Desechos S\u00f3lidos (PNGIDS) que fueron fundamentales para el \u00e9xito del encuentro y su repercusi\u00f3n a nivel nacional e internacional.<\/p>\n<p style=\"text-align: left;\">CIMA KIDS logr\u00f3 recaudar 31 mil d\u00f3lares, de los cuales 25 mil d\u00f3lares fueron entregados para la iniciativa Yasun\u00ed ITT, a manera de contribuci\u00f3n, y 6.000 d\u00f3lares para gestores primarios.<\/p>\n<p><strong>La foto:<\/strong><\/p>\n<p><a href=\"http:\/\/www.ambienteyenergia.gob.ec\/ambiente\/wp-content\/uploads\/2012\/12\/record1.jpg\"><img loading=\"lazy\" decoding=\"async\" class=\"aligncenter size-full wp-image-7910\" title=\"record1\" src=\"http:\/\/www.ambienteyenergia.gob.ec\/ambiente\/wp-content\/uploads\/2012\/12\/record1.jpg\" alt=\"\" width=\"650\" height=\"903\" srcset=\"https:\/\/www.ambienteyenergia.gob.ec\/ambiente\/wp-content\/uploads\/sites\/2\/2012\/12\/record1.jpg 650w, https:\/\/www.ambienteyenergia.gob.ec\/ambiente\/wp-content\/uploads\/sites\/2\/2012\/12\/record1-215x300.jpg 215w\" sizes=\"auto, (max-width: 650px) 100vw, 650px\" \/><\/a><\/p>\n<p>&nbsp;<\/p>\n","protected":false},"excerpt":{"rendered":"<p class=\"excerpt\">La Ministra del Ambiente, Lorena Tapia, recibi\u00f3 el reconocimiento del R\u00e9cord Guiness, por el proyecto CIMA KIDS que se realiz\u00f3 en Quito del 24 al 28 de octubre, en el que participaron 115 mil personas y logr\u00f3 recolectar 1\u2019509.002 botellas. Gustavo Marique, representante de CIMA KIDS, agradeci\u00f3 el apoyo brindado por el Ministerio del Ambiente y destac\u00f3 la labor emprendida&hellip; <a href=\"https:\/\/www.ambienteyenergia.gob.ec\/ambiente\/ministerio-del-ambiente-recibio-reconocimiento-de-record-guiness\/\">Read more &rarr;<\/a><\/p>\n","protected":false},"author":13,"featured_media":7914,"comment_status":"open","ping_status":"open","sticky":false,"template":"","format":"standard","meta":{"footnotes":""},"categories":[16,4],"tags":[],"class_list":["post-7909","post","type-post","status-publish","format-standard","has-post-thumbnail","hentry","category-comunicamos","category-noticias","xfolkentry"],"_links":{"self":[{"href":"https:\/\/www.ambienteyenergia.gob.ec\/ambiente\/wp-json\/wp\/v2\/posts\/7909","targetHints":{"allow":["GET"]}}],"collection":[{"href":"https:\/\/www.ambienteyenergia.gob.ec\/ambiente\/wp-json\/wp\/v2\/posts"}],"about":[{"href":"https:\/\/www.ambienteyenergia.gob.ec\/ambiente\/wp-json\/wp\/v2\/types\/post"}],"author":[{"embeddable":true,"href":"https:\/\/www.ambienteyenergia.gob.ec\/ambiente\/wp-json\/wp\/v2\/users\/13"}],"replies":[{"embeddable":true,"href":"https:\/\/www.ambienteyenergia.gob.ec\/ambiente\/wp-json\/wp\/v2\/comments?post=7909"}],"version-history":[{"count":0,"href":"https:\/\/www.ambienteyenergia.gob.ec\/ambiente\/wp-json\/wp\/v2\/posts\/7909\/revisions"}],"wp:featuredmedia":[{"embeddable":true,"href":"https:\/\/www.ambienteyenergia.gob.ec\/ambiente\/wp-json\/wp\/v2\/media\/7914"}],"wp:attachment":[{"href":"https:\/\/www.ambienteyenergia.gob.ec\/ambiente\/wp-json\/wp\/v2\/media?parent=7909"}],"wp:term":[{"taxonomy":"category","embeddable":true,"href":"https:\/\/www.ambienteyenergia.gob.ec\/ambiente\/wp-json\/wp\/v2\/categories?post=7909"},{"taxonomy":"post_tag","embeddable":true,"href":"https:\/\/www.ambienteyenergia.gob.ec\/ambiente\/wp-json\/wp\/v2\/tags?post=7909"}],"curies":[{"name":"wp","href":"https:\/\/api.w.org\/{rel}","templated":true}]}}