{"id":7895,"date":"2012-12-01T13:56:26","date_gmt":"2012-12-01T18:56:26","guid":{"rendered":"http:\/\/www.ambiente.gob.ec\/?p=7895"},"modified":"2012-12-04T13:58:40","modified_gmt":"2012-12-04T18:58:40","slug":"finaliza-la-primera-semana-de-las-reuniones-de-la-cop-18-cmp8","status":"publish","type":"post","link":"https:\/\/www.ambienteyenergia.gob.ec\/ambiente\/finaliza-la-primera-semana-de-las-reuniones-de-la-cop-18-cmp8\/","title":{"rendered":"Finaliza la primera semana de las reuniones de la COP 18 \u2013 CMP8"},"content":{"rendered":"<p style=\"text-align: left;\">La delegaci\u00f3n de Ecuador, conformada por representantes del Ministerio del Ambiente, Ministerio Coordinador de Patrimonio, Canciller\u00eda y miembros de la sociedad civil, particip\u00f3 intensamente durante la anterior semana en varias reuniones dentro del contexto de la 18\u00b0 Conferencia de las Partes (COP 18) en Doha, para tratar diversos temas que permitan asegurar la implementaci\u00f3n de los principios y objetivos de la Convenci\u00f3n Marco de las Naciones Unidas sobre Cambio Clim\u00e1tico (CMNUCC).<\/p>\n<p style=\"text-align: left;\">Despu\u00e9s de dos semanas de reuniones, el \u00d3rgano Subsidiario de\u00a0 Implementaci\u00f3n (SBI) y del \u00d3rgano Subsidiario de Asesor\u00eda Cient\u00edfica y Tecnol\u00f3gica (SBSTA), contemplan algunos resultados importantes y de inter\u00e9s para los pa\u00edses en desarrollo, como por ejemplo: gu\u00edas t\u00e9cnicas para las acciones que se llevar\u00e1n adelante en medidas de mitigaci\u00f3n; desarrollo de herramientas de apoyo dentro del Programa de Trabajo de Nairobi; revisiones al fondo de adaptaci\u00f3n, entre otros.<\/p>\n<p style=\"text-align: left;\">Las sesiones de la COP 18 y las Reuniones de las Partes del Protocolo de Kyoto (CMP 8), continuar\u00e1n la pr\u00f3xima semana, sin embargo, a\u00fan existe\u00a0 un sentimiento incierto del resultado de estas reuniones. El segmento de alto nivel, donde participar\u00e1n Ministros y Ministras de Estado, deber\u00e1 trabajar en resolver los desacuerdos que a nivel t\u00e9cnico no se han logrado progresar como resultado de la primera semana de trabajo.<\/p>\n<p style=\"text-align: left;\"><strong>Antecedentes:<\/strong><\/p>\n<p>La CMNUCC\u00a0 firmada en R\u00edo de Janeiro en junio de 1992, y el Protocolo de Kyoto, establecido en diciembre de 1997, constituyen hasta el momento, la principal respuesta\u00a0 internacional ante las pruebas convincentes, recopiladas y confirmadas por el Grupo Intergubernamental de Expertos sobre el Cambio Clim\u00e1tico (IPCC), de que hay un proceso de cambio clim\u00e1tico mundial y que su causa fundamental son las actividades humanas que producen concentraciones de Gases de Efecto Invernadero (GEI). El principal objetivo de la Convenci\u00f3n es estabilizar las concentraciones de\u00a0 GEI en la atm\u00f3sfera para evitar impactos significativos en el clima..<\/p>\n<p>El Protocolo de Kyoto es uno de los instrumentos jur\u00eddicos internacionales m\u00e1s importantes, contiene los compromisos asumidos por los pa\u00edses industrializados de reducir sus emisiones de algunos GEI. De acuerdo al protocolo de Kyoto, las emisiones totales de los pa\u00edses desarrollados se deber\u00edan reducir durante el per\u00edodo 2088-2012 al menos un 5% respecto a sus niveles\u00a0 en 1990.<\/p>\n<p>Si desea mayor informaci\u00f3n sobre la COP 18 le recomendamos el siguiente link: <a href=\"http:\/\/unfccc.int\/portal_espanol\/items\/3093.php\" target=\"_blank\">http:\/\/unfccc.int\/portal_espanol\/items\/3093.php<\/a><\/p>\n<p style=\"text-align: left;\"><strong>M\u00e1s noticias<\/strong><\/p>\n<p style=\"text-align: left;\"><a href=\"http:\/\/www.ambienteyenergia.gob.ec\/ambiente\/ecuador-esta-presente-en-la-cop-18\/\" target=\"_blank\">&#8211; Ecuador est\u00e1 presente en la COP 18<\/a><\/p>\n<p style=\"text-align: left;\"><a href=\"http:\/\/www.ambienteyenergia.gob.ec\/ambiente\/avances-en-las-negociaciones-sobre-el-mecanismo-redd-en-el-marco-de-la-conferencia-de-las-partes-18-cop18-de-la-convencion-marco-de-naciones-unidas-sobre-cambio-climatico\/\" target=\"_blank\">&#8211; Avances en las negociaciones sobre el mecanismo REDD+, en el marco de la Conferencia de las Partes 18 (COP18) de la Convenci\u00f3n Marco de Naciones Unidas sobre Cambio Clim\u00e1tico.<\/a><\/p>\n<p><strong>Descarga<\/strong><\/p>\n<p><a href=\"http:\/\/ow.ly\/fHkmi\" target=\"_blank\">&#8211; Estrategia Nacional de Cambio Clim\u00e1tico: http:\/\/ow.ly\/fHkmi <\/a><\/p>\n<p><strong>La foto<\/strong><\/p>\n<p><strong><\/strong><img loading=\"lazy\" decoding=\"async\" class=\"aligncenter\" title=\"\" src=\"http:\/\/www.ambienteyenergia.gob.ec\/ambiente\/wp-content\/uploads\/2012\/11\/dentro92.jpg\" alt=\"\" width=\"650\" height=\"375\" \/><\/p>\n<p>&nbsp;<\/p>\n","protected":false},"excerpt":{"rendered":"<p class=\"excerpt\">La delegaci\u00f3n de Ecuador, conformada por representantes del Ministerio del Ambiente, Ministerio Coordinador de Patrimonio, Canciller\u00eda y miembros de la sociedad civil, particip\u00f3 intensamente durante la anterior semana en varias reuniones dentro del contexto de la 18\u00b0 Conferencia de las Partes (COP 18) en Doha, para tratar diversos temas que permitan asegurar la implementaci\u00f3n de los principios y objetivos de&hellip; <a href=\"https:\/\/www.ambienteyenergia.gob.ec\/ambiente\/finaliza-la-primera-semana-de-las-reuniones-de-la-cop-18-cmp8\/\">Read more &rarr;<\/a><\/p>\n","protected":false},"author":13,"featured_media":0,"comment_status":"open","ping_status":"open","sticky":false,"template":"","format":"standard","meta":{"footnotes":""},"categories":[16,4],"tags":[133,153,48,53,54,154],"class_list":["post-7895","post","type-post","status-publish","format-standard","hentry","category-comunicamos","category-noticias","tag-cambio-climatico","tag-doha","tag-ecuador","tag-mae","tag-ministerio-del-ambiente","tag-qatar","xfolkentry"],"_links":{"self":[{"href":"https:\/\/www.ambienteyenergia.gob.ec\/ambiente\/wp-json\/wp\/v2\/posts\/7895","targetHints":{"allow":["GET"]}}],"collection":[{"href":"https:\/\/www.ambienteyenergia.gob.ec\/ambiente\/wp-json\/wp\/v2\/posts"}],"about":[{"href":"https:\/\/www.ambienteyenergia.gob.ec\/ambiente\/wp-json\/wp\/v2\/types\/post"}],"author":[{"embeddable":true,"href":"https:\/\/www.ambienteyenergia.gob.ec\/ambiente\/wp-json\/wp\/v2\/users\/13"}],"replies":[{"embeddable":true,"href":"https:\/\/www.ambienteyenergia.gob.ec\/ambiente\/wp-json\/wp\/v2\/comments?post=7895"}],"version-history":[{"count":0,"href":"https:\/\/www.ambienteyenergia.gob.ec\/ambiente\/wp-json\/wp\/v2\/posts\/7895\/revisions"}],"wp:attachment":[{"href":"https:\/\/www.ambienteyenergia.gob.ec\/ambiente\/wp-json\/wp\/v2\/media?parent=7895"}],"wp:term":[{"taxonomy":"category","embeddable":true,"href":"https:\/\/www.ambienteyenergia.gob.ec\/ambiente\/wp-json\/wp\/v2\/categories?post=7895"},{"taxonomy":"post_tag","embeddable":true,"href":"https:\/\/www.ambienteyenergia.gob.ec\/ambiente\/wp-json\/wp\/v2\/tags?post=7895"}],"curies":[{"name":"wp","href":"https:\/\/api.w.org\/{rel}","templated":true}]}}