{"id":7883,"date":"2012-12-04T17:00:40","date_gmt":"2012-12-04T22:00:40","guid":{"rendered":"http:\/\/www.ambiente.gob.ec\/?p=7883"},"modified":"2012-12-04T18:26:11","modified_gmt":"2012-12-04T23:26:11","slug":"ecuador-elaborara-plan-de-accion-en-patrimonio-mundial","status":"publish","type":"post","link":"https:\/\/www.ambienteyenergia.gob.ec\/ambiente\/ecuador-elaborara-plan-de-accion-en-patrimonio-mundial\/","title":{"rendered":"Ecuador elaborar\u00e1 Plan de Acci\u00f3n en Patrimonio Mundial"},"content":{"rendered":"<p style=\"text-align: left;\">La reuni\u00f3n final del Segundo Ciclo del Informe Peri\u00f3dico del Estado del Patrimonio Mundial para Am\u00e9rica Latina y el Caribe del Fondo de Naciones Unidas para la Cultura y la Educaci\u00f3n (Unesco), inaugurada el pasado domingo en Santiago, se realiza con el objetivo de elaborar un Plan de Acci\u00f3n en Patrimonio Mundial (2013-2020) para la regi\u00f3n.<\/p>\n<p style=\"text-align: left;\">Ecuador, representado por la Subsecretar\u00eda de Patrimonio Natural del MAE y el Instituto Nacional de Patrimonio Cultural (INPC), y otros 30 pa\u00edses debaten sobre el futuro del Patrimonio de la regi\u00f3n centrados en temas relacionados con los retos del Patrimonio Mundial (Natural y Cultural) y buenas pr\u00e1cticas aplicadas.<\/p>\n<p style=\"text-align: left;\">Se espera que las naciones realicen un debate \u00f3ptimo sobre las formas en las que el Patrimonio Mundial puede contribuir al desarrollo de los programas que la comunidad internacional est\u00e1 preparando para el 2015.<\/p>\n<p style=\"text-align: left;\">De igual forma, se analizar\u00e1 que los sitios patrimoniales sean escenarios de formas de colaboraci\u00f3n, con pol\u00edticas sociales, que contribuyan a lograr los objetivos de Desarrollo de Am\u00e9rica Latina.<\/p>\n","protected":false},"excerpt":{"rendered":"<p class=\"excerpt\">La reuni\u00f3n final del Segundo Ciclo del Informe Peri\u00f3dico del Estado del Patrimonio Mundial para Am\u00e9rica Latina y el Caribe del Fondo de Naciones Unidas para la Cultura y la Educaci\u00f3n (Unesco), inaugurada el pasado domingo en Santiago, se realiza con el objetivo de elaborar un Plan de Acci\u00f3n en Patrimonio Mundial (2013-2020) para la regi\u00f3n. Ecuador, representado por la&hellip; <a href=\"https:\/\/www.ambienteyenergia.gob.ec\/ambiente\/ecuador-elaborara-plan-de-accion-en-patrimonio-mundial\/\">Read more &rarr;<\/a><\/p>\n","protected":false},"author":13,"featured_media":7884,"comment_status":"open","ping_status":"open","sticky":false,"template":"","format":"standard","meta":{"footnotes":""},"categories":[16,4],"tags":[151,48,53,152],"class_list":["post-7883","post","type-post","status-publish","format-standard","has-post-thumbnail","hentry","category-comunicamos","category-noticias","tag-chile","tag-ecuador","tag-mae","tag-patrimonio-mundial","xfolkentry"],"_links":{"self":[{"href":"https:\/\/www.ambienteyenergia.gob.ec\/ambiente\/wp-json\/wp\/v2\/posts\/7883","targetHints":{"allow":["GET"]}}],"collection":[{"href":"https:\/\/www.ambienteyenergia.gob.ec\/ambiente\/wp-json\/wp\/v2\/posts"}],"about":[{"href":"https:\/\/www.ambienteyenergia.gob.ec\/ambiente\/wp-json\/wp\/v2\/types\/post"}],"author":[{"embeddable":true,"href":"https:\/\/www.ambienteyenergia.gob.ec\/ambiente\/wp-json\/wp\/v2\/users\/13"}],"replies":[{"embeddable":true,"href":"https:\/\/www.ambienteyenergia.gob.ec\/ambiente\/wp-json\/wp\/v2\/comments?post=7883"}],"version-history":[{"count":0,"href":"https:\/\/www.ambienteyenergia.gob.ec\/ambiente\/wp-json\/wp\/v2\/posts\/7883\/revisions"}],"wp:featuredmedia":[{"embeddable":true,"href":"https:\/\/www.ambienteyenergia.gob.ec\/ambiente\/wp-json\/wp\/v2\/media\/7884"}],"wp:attachment":[{"href":"https:\/\/www.ambienteyenergia.gob.ec\/ambiente\/wp-json\/wp\/v2\/media?parent=7883"}],"wp:term":[{"taxonomy":"category","embeddable":true,"href":"https:\/\/www.ambienteyenergia.gob.ec\/ambiente\/wp-json\/wp\/v2\/categories?post=7883"},{"taxonomy":"post_tag","embeddable":true,"href":"https:\/\/www.ambienteyenergia.gob.ec\/ambiente\/wp-json\/wp\/v2\/tags?post=7883"}],"curies":[{"name":"wp","href":"https:\/\/api.w.org\/{rel}","templated":true}]}}