{"id":7878,"date":"2012-12-04T16:01:44","date_gmt":"2012-12-04T21:01:44","guid":{"rendered":"http:\/\/www.ambiente.gob.ec\/?p=7878"},"modified":"2012-12-04T18:26:15","modified_gmt":"2012-12-04T23:26:15","slug":"se-limpiara-fondo-marino-manabita","status":"publish","type":"post","link":"https:\/\/www.ambienteyenergia.gob.ec\/ambiente\/se-limpiara-fondo-marino-manabita\/","title":{"rendered":"Se limpiar\u00e1 fondo marino manabita"},"content":{"rendered":"<div>\n<div>\n<p style=\"text-align: left;\">Desde el 3 al 5 de diciembre del presente a\u00f1o se realizar\u00e1 la limpieza del lecho marino en la caleta pesquera \u2018La Chorrera\u2019, en Manab\u00ed, inform\u00f3 el Viceministerio de Acuacultura.<\/p>\n<p style=\"text-align: left;\">La entidad mencion\u00f3 que dicha labor tambi\u00e9n ser\u00e1 apoyada por el Ministerio del Ambiente, Instituto Nacional de Pesca (INP), Secretar\u00eda Nacional de Planificaci\u00f3n y Desarrollo, Secretar\u00eda T\u00e9cnica del Mar, entre otras entidades p\u00fablicas.<\/p>\n<p style=\"text-align: left;\">El viceministro Guillermo Mor\u00e1n declar\u00f3 que el objetivo del evento es reducir el impacto ambiental que provocan las redes de pesca abandonadas en el fondo marino, destruyendo parte del ecosistema y provocando la disminuci\u00f3n de las pesquer\u00edas.<\/p>\n<p style=\"text-align: left;\"><strong>Fuente:<\/strong> <a href=\"http:\/\/www.ppelverdadero.com.ec\/index.php\/economia-solidaria\/item\/se-limpiara-fondo-marino-manabita.html\" target=\"_blank\">PP El Verdadero<\/a><\/p>\n<\/div>\n<\/div>\n","protected":false},"excerpt":{"rendered":"<p class=\"excerpt\">Desde el 3 al 5 de diciembre del presente a\u00f1o se realizar\u00e1 la limpieza del lecho marino en la caleta pesquera \u2018La Chorrera\u2019, en Manab\u00ed, inform\u00f3 el Viceministerio de Acuacultura. La entidad mencion\u00f3 que dicha labor tambi\u00e9n ser\u00e1 apoyada por el Ministerio del Ambiente, Instituto Nacional de Pesca (INP), Secretar\u00eda Nacional de Planificaci\u00f3n y Desarrollo, Secretar\u00eda T\u00e9cnica del Mar, entre&hellip; <a href=\"https:\/\/www.ambienteyenergia.gob.ec\/ambiente\/se-limpiara-fondo-marino-manabita\/\">Read more &rarr;<\/a><\/p>\n","protected":false},"author":13,"featured_media":7879,"comment_status":"open","ping_status":"open","sticky":false,"template":"","format":"standard","meta":{"footnotes":""},"categories":[16,4],"tags":[],"class_list":["post-7878","post","type-post","status-publish","format-standard","has-post-thumbnail","hentry","category-comunicamos","category-noticias","xfolkentry"],"_links":{"self":[{"href":"https:\/\/www.ambienteyenergia.gob.ec\/ambiente\/wp-json\/wp\/v2\/posts\/7878","targetHints":{"allow":["GET"]}}],"collection":[{"href":"https:\/\/www.ambienteyenergia.gob.ec\/ambiente\/wp-json\/wp\/v2\/posts"}],"about":[{"href":"https:\/\/www.ambienteyenergia.gob.ec\/ambiente\/wp-json\/wp\/v2\/types\/post"}],"author":[{"embeddable":true,"href":"https:\/\/www.ambienteyenergia.gob.ec\/ambiente\/wp-json\/wp\/v2\/users\/13"}],"replies":[{"embeddable":true,"href":"https:\/\/www.ambienteyenergia.gob.ec\/ambiente\/wp-json\/wp\/v2\/comments?post=7878"}],"version-history":[{"count":0,"href":"https:\/\/www.ambienteyenergia.gob.ec\/ambiente\/wp-json\/wp\/v2\/posts\/7878\/revisions"}],"wp:featuredmedia":[{"embeddable":true,"href":"https:\/\/www.ambienteyenergia.gob.ec\/ambiente\/wp-json\/wp\/v2\/media\/7879"}],"wp:attachment":[{"href":"https:\/\/www.ambienteyenergia.gob.ec\/ambiente\/wp-json\/wp\/v2\/media?parent=7878"}],"wp:term":[{"taxonomy":"category","embeddable":true,"href":"https:\/\/www.ambienteyenergia.gob.ec\/ambiente\/wp-json\/wp\/v2\/categories?post=7878"},{"taxonomy":"post_tag","embeddable":true,"href":"https:\/\/www.ambienteyenergia.gob.ec\/ambiente\/wp-json\/wp\/v2\/tags?post=7878"}],"curies":[{"name":"wp","href":"https:\/\/api.w.org\/{rel}","templated":true}]}}