{"id":7874,"date":"2012-12-04T16:53:33","date_gmt":"2012-12-04T21:53:33","guid":{"rendered":"http:\/\/www.ambiente.gob.ec\/?p=7874"},"modified":"2012-12-04T18:26:30","modified_gmt":"2012-12-04T23:26:30","slug":"mae-capacita-a-funcionarios-paraguayos-sobre-planificacion-forestal","status":"publish","type":"post","link":"https:\/\/www.ambienteyenergia.gob.ec\/ambiente\/mae-capacita-a-funcionarios-paraguayos-sobre-planificacion-forestal\/","title":{"rendered":"MAE capacita a funcionarios paraguayos sobre planificaci\u00f3n forestal"},"content":{"rendered":"<p>En el marco de la Cooperaci\u00f3n Sur-Sur, entre los Gobiernos de Ecuador y Paraguay, la Unidad T\u00e9cnica del Proyecto Evaluaci\u00f3n Nacional Forestal, del Ministerio del Ambiente (MAE), realiz\u00f3 una capacitaci\u00f3n a los funcionarios del INFONA (Instituto de Informaci\u00f3n Forestal Nacional Paraguayo) y SEAM (Secretar\u00eda del Ambiente del Paraguay).<\/p>\n<p>El asesoramiento fue dirigido a la planificaci\u00f3n t\u00e9cnica y operativa de la fase piloto del inventario forestal en Paraguay y el uso del Sistema de Informaci\u00f3n Forestal Open Foris Collect.<\/p>\n<p>La instrucci\u00f3n, realizada en Asunci\u00f3n entre los d\u00edas 21 y 30 de noviembre, cont\u00f3 con la participaci\u00f3n de 12 t\u00e9cnicos forestales e inform\u00e1ticos, autoridades de la SEAM e INFONA y el presidente de la FAPI (Federaci\u00f3n por la Autodeterminaci\u00f3n de los Pueblos Ind\u00edgenas).<\/p>\n","protected":false},"excerpt":{"rendered":"<p class=\"excerpt\">En el marco de la Cooperaci\u00f3n Sur-Sur, entre los Gobiernos de Ecuador y Paraguay, la Unidad T\u00e9cnica del Proyecto Evaluaci\u00f3n Nacional Forestal, del Ministerio del Ambiente (MAE), realiz\u00f3 una capacitaci\u00f3n a los funcionarios del INFONA (Instituto de Informaci\u00f3n Forestal Nacional Paraguayo) y SEAM (Secretar\u00eda del Ambiente del Paraguay). El asesoramiento fue dirigido a la planificaci\u00f3n t\u00e9cnica y operativa de la&hellip; <a href=\"https:\/\/www.ambienteyenergia.gob.ec\/ambiente\/mae-capacita-a-funcionarios-paraguayos-sobre-planificacion-forestal\/\">Read more &rarr;<\/a><\/p>\n","protected":false},"author":13,"featured_media":7875,"comment_status":"open","ping_status":"open","sticky":false,"template":"","format":"standard","meta":{"footnotes":""},"categories":[16,4],"tags":[150,48,149,53,148],"class_list":["post-7874","post","type-post","status-publish","format-standard","has-post-thumbnail","hentry","category-comunicamos","category-noticias","tag-ambiente-paraguay","tag-ecuador","tag-evaluacion-nacional-forestal","tag-mae","tag-paraguay","xfolkentry"],"_links":{"self":[{"href":"https:\/\/www.ambienteyenergia.gob.ec\/ambiente\/wp-json\/wp\/v2\/posts\/7874","targetHints":{"allow":["GET"]}}],"collection":[{"href":"https:\/\/www.ambienteyenergia.gob.ec\/ambiente\/wp-json\/wp\/v2\/posts"}],"about":[{"href":"https:\/\/www.ambienteyenergia.gob.ec\/ambiente\/wp-json\/wp\/v2\/types\/post"}],"author":[{"embeddable":true,"href":"https:\/\/www.ambienteyenergia.gob.ec\/ambiente\/wp-json\/wp\/v2\/users\/13"}],"replies":[{"embeddable":true,"href":"https:\/\/www.ambienteyenergia.gob.ec\/ambiente\/wp-json\/wp\/v2\/comments?post=7874"}],"version-history":[{"count":0,"href":"https:\/\/www.ambienteyenergia.gob.ec\/ambiente\/wp-json\/wp\/v2\/posts\/7874\/revisions"}],"wp:featuredmedia":[{"embeddable":true,"href":"https:\/\/www.ambienteyenergia.gob.ec\/ambiente\/wp-json\/wp\/v2\/media\/7875"}],"wp:attachment":[{"href":"https:\/\/www.ambienteyenergia.gob.ec\/ambiente\/wp-json\/wp\/v2\/media?parent=7874"}],"wp:term":[{"taxonomy":"category","embeddable":true,"href":"https:\/\/www.ambienteyenergia.gob.ec\/ambiente\/wp-json\/wp\/v2\/categories?post=7874"},{"taxonomy":"post_tag","embeddable":true,"href":"https:\/\/www.ambienteyenergia.gob.ec\/ambiente\/wp-json\/wp\/v2\/tags?post=7874"}],"curies":[{"name":"wp","href":"https:\/\/api.w.org\/{rel}","templated":true}]}}