{"id":7868,"date":"2012-12-03T09:33:42","date_gmt":"2012-12-03T14:33:42","guid":{"rendered":"http:\/\/www.ambiente.gob.ec\/?p=7868"},"modified":"2012-12-03T09:36:34","modified_gmt":"2012-12-03T14:36:34","slug":"reserva-ecologica-arenillas-fue-delimitada","status":"publish","type":"post","link":"https:\/\/www.ambienteyenergia.gob.ec\/ambiente\/reserva-ecologica-arenillas-fue-delimitada\/","title":{"rendered":"Reserva Ecol\u00f3gica Arenillas fue delimitada"},"content":{"rendered":"<p style=\"text-align: left;\">Noventa y ocho hitos demarcatorios se instalaron para delimitar la Reserva Ecol\u00f3gica Arenillas, ubicada en la Provincia de El Oro, en un trabajo conjunto de t\u00e9cnicos de la Subsecretar\u00eda de Gesti\u00f3n Marina y Costera (SGMC) del Ministerio del Ambiente (MAE), personal de la reserva y miembros de la Brigada de Infanter\u00eda de El Oro No.1.<\/p>\n<p style=\"text-align: left;\">Esta delimitaci\u00f3n sirve para establecer el espacio correspondiente al \u00e1rea protegida, en donde se procura el bienestar de las especies de flora y fauna que aportan a los humedales del pa\u00eds.<\/p>\n<p style=\"text-align: left;\">Los hitos est\u00e1n elaborados en tubo (galvanizado), de 150 cent\u00edmetros (cm) de largo, con una base met\u00e1lica de 16,5&#215;16,5 cm la que soporta la placa de identificaci\u00f3n del hito. Todos fueron estabilizados en el terreno con una base de hormig\u00f3n.<\/p>\n<p style=\"text-align: left;\">Cada una de las placas contienen informaci\u00f3n de coordenadas numeraci\u00f3n del hito, los logotipos del Ministerio del Ambiente, Punto Verde y de la Reserva Ecol\u00f3gica Arenillas.<\/p>\n<p style=\"text-align: left;\"><strong>La foto<\/strong><\/p>\n<p style=\"text-align: left;\"><a href=\"http:\/\/www.ambienteyenergia.gob.ec\/ambiente\/wp-content\/uploads\/2012\/12\/arenillas.jpg\"><img loading=\"lazy\" decoding=\"async\" class=\"aligncenter size-full wp-image-7871\" title=\"Noventa y ocho hitos demarcatorios se instalaron para delimitar la Reserva Ecol\u00f3gica Arenillas, ubicada en la Provincia de El Oro, en un trabajo conjunto de t\u00e9cnicos de la Subsecretar\u00eda de Gesti\u00f3n Marina y Costera (SGMC) del Ministerio del Ambiente (MAE), personal de la reserva y miembros de la Brigada de Infanter\u00eda de El Oro No.1.\" src=\"http:\/\/www.ambienteyenergia.gob.ec\/ambiente\/wp-content\/uploads\/2012\/12\/arenillas.jpg\" alt=\"\" width=\"650\" height=\"488\" srcset=\"https:\/\/www.ambienteyenergia.gob.ec\/ambiente\/wp-content\/uploads\/sites\/2\/2012\/12\/arenillas.jpg 650w, https:\/\/www.ambienteyenergia.gob.ec\/ambiente\/wp-content\/uploads\/sites\/2\/2012\/12\/arenillas-300x225.jpg 300w, https:\/\/www.ambienteyenergia.gob.ec\/ambiente\/wp-content\/uploads\/sites\/2\/2012\/12\/arenillas-399x300.jpg 399w\" sizes=\"auto, (max-width: 650px) 100vw, 650px\" \/><\/a><\/p>\n","protected":false},"excerpt":{"rendered":"<p class=\"excerpt\">Noventa y ocho hitos demarcatorios se instalaron para delimitar la Reserva Ecol\u00f3gica Arenillas, ubicada en la Provincia de El Oro, en un trabajo conjunto de t\u00e9cnicos de la Subsecretar\u00eda de Gesti\u00f3n Marina y Costera (SGMC) del Ministerio del Ambiente (MAE), personal de la reserva y miembros de la Brigada de Infanter\u00eda de El Oro No.1. Esta delimitaci\u00f3n sirve para establecer&hellip; <a href=\"https:\/\/www.ambienteyenergia.gob.ec\/ambiente\/reserva-ecologica-arenillas-fue-delimitada\/\">Read more &rarr;<\/a><\/p>\n","protected":false},"author":13,"featured_media":7872,"comment_status":"open","ping_status":"open","sticky":false,"template":"","format":"standard","meta":{"footnotes":""},"categories":[16,4],"tags":[147,48,145,146,144],"class_list":["post-7868","post","type-post","status-publish","format-standard","has-post-thumbnail","hentry","category-comunicamos","category-noticias","tag-areas-protegidas-2","tag-ecuador","tag-el-oro","tag-parques-nacionales","tag-reserva-ecologica-arenillas","xfolkentry"],"_links":{"self":[{"href":"https:\/\/www.ambienteyenergia.gob.ec\/ambiente\/wp-json\/wp\/v2\/posts\/7868","targetHints":{"allow":["GET"]}}],"collection":[{"href":"https:\/\/www.ambienteyenergia.gob.ec\/ambiente\/wp-json\/wp\/v2\/posts"}],"about":[{"href":"https:\/\/www.ambienteyenergia.gob.ec\/ambiente\/wp-json\/wp\/v2\/types\/post"}],"author":[{"embeddable":true,"href":"https:\/\/www.ambienteyenergia.gob.ec\/ambiente\/wp-json\/wp\/v2\/users\/13"}],"replies":[{"embeddable":true,"href":"https:\/\/www.ambienteyenergia.gob.ec\/ambiente\/wp-json\/wp\/v2\/comments?post=7868"}],"version-history":[{"count":0,"href":"https:\/\/www.ambienteyenergia.gob.ec\/ambiente\/wp-json\/wp\/v2\/posts\/7868\/revisions"}],"wp:featuredmedia":[{"embeddable":true,"href":"https:\/\/www.ambienteyenergia.gob.ec\/ambiente\/wp-json\/wp\/v2\/media\/7872"}],"wp:attachment":[{"href":"https:\/\/www.ambienteyenergia.gob.ec\/ambiente\/wp-json\/wp\/v2\/media?parent=7868"}],"wp:term":[{"taxonomy":"category","embeddable":true,"href":"https:\/\/www.ambienteyenergia.gob.ec\/ambiente\/wp-json\/wp\/v2\/categories?post=7868"},{"taxonomy":"post_tag","embeddable":true,"href":"https:\/\/www.ambienteyenergia.gob.ec\/ambiente\/wp-json\/wp\/v2\/tags?post=7868"}],"curies":[{"name":"wp","href":"https:\/\/api.w.org\/{rel}","templated":true}]}}