{"id":7863,"date":"2012-12-03T08:54:20","date_gmt":"2012-12-03T13:54:20","guid":{"rendered":"http:\/\/www.ambiente.gob.ec\/?p=7863"},"modified":"2012-12-03T08:54:20","modified_gmt":"2012-12-03T13:54:20","slug":"intervencion-integral-zonal-en-esteros-del-muerto-y-las-ranas","status":"publish","type":"post","link":"https:\/\/www.ambienteyenergia.gob.ec\/ambiente\/intervencion-integral-zonal-en-esteros-del-muerto-y-las-ranas\/","title":{"rendered":"Intervenci\u00f3n integral-zonal en Esteros del Muerto y Las Ranas"},"content":{"rendered":"<p style=\"text-align: left;\">En base a estudios t\u00e9cnico-cient\u00edficos, el Ministerio del Ambiente (MAE), a trav\u00e9s de su proyecto Guayaquil Ecol\u00f3gico Componente Restauraci\u00f3n Ecol\u00f3gica del Estero Salado, se ha implementado una Estrategia de Intervenci\u00f3n Zonal en el Estero, la cual se divide en 5 zonas de intervenci\u00f3n: 1. Estero del Muerto, 2. Estero Las Ranas, 3. Estero Mogoll\u00f3n,\u00a0 4. Estero Palanqueado y 5. Estero Puerto Lisa.<\/p>\n<p style=\"text-align: left;\">Esta estrategia de intervenci\u00f3n inicia en el Estero del Muerto y el Estero Las Ranas, con la restauraci\u00f3n de las riberas usando maquinaria pesada para el desalojo de escombros que dejaron las viviendas de las familias reubicadas por el Ministerio de Desarrollo Urbano y Vivienda y remover los desechos s\u00f3lidos y reforestaci\u00f3n de Manglar.<\/p>\n<p style=\"text-align: left;\">La intervenci\u00f3n Integral-Zonal en el estero Las Ranas contempla: Instalaci\u00f3n y operaci\u00f3n de una estaci\u00f3n Superoxigenaci\u00f3n en el estero, a la altura de las calles Nicol\u00e1s Segovia y la G en el Cristo del Consuelo. Campa\u00f1a de concientizaci\u00f3n y educaci\u00f3n ambiental, instalaci\u00f3n de una malla en el estero (a la altura de la calle Nicol\u00e1s Segovia y segundo callej\u00f3n H) para el bloqueo de ingreso de desechos, restauraci\u00f3n de la ribera con Maquinaria pesada y reforestaci\u00f3n de manglar.<\/p>\n<p style=\"text-align: left;\">En el Estero del Muerto antes hab\u00eda casas asentadas sobre palafitos, mientras que el Estero las Ranas ha sido considerado como un \u201cbotadero de desechos\u201d. Es por ello que se ha\u00a0 iniciado aqu\u00ed la intervenci\u00f3n.<\/p>\n<p>La maquinaria a usar son dos retroexcavadoras, una gallineta y tres volquetas, las cuales limpiar\u00e1n los desechos y luego restaurar\u00e1n la calzada. La cantidad que comprende esta intervenci\u00f3n es de 1.500 metros de ribera.<\/p>\n<p style=\"text-align: left;\">Mientras que en la reforestaci\u00f3n de manglar se realiz\u00f3 a la altura del Estero del Muerto en la Coop. Independencia 2, aqu\u00ed se sembraron 5.000 pl\u00e1ntulas en un \u00e1rea de 2,3 hect\u00e1reas, esto servir\u00e1 en la recuperaci\u00f3n de esta ribera del Estero Salado afectada por las actividades antr\u00f3picas y las invasiones que all\u00ed se dieron.<\/p>\n<p style=\"text-align: left;\">Con esta restauraci\u00f3n de las riberas del Estero, la comunidad se\u00a0 beneficia por los aportes que un ecosistema sano brinda, aire libre y zonas de recreaci\u00f3n esparcimiento. De esta forma el Proyecto Guayaquil Ecol\u00f3gico, contribuye al posicionamiento de la misi\u00f3n estatal de promover el buen vivir.<\/p>\n<p style=\"text-align: left;\"><strong>La foto<\/strong><\/p>\n<p style=\"text-align: left;\"><img loading=\"lazy\" decoding=\"async\" class=\"aligncenter size-full wp-image-7865\" title=\"\" src=\"http:\/\/www.ambienteyenergia.gob.ec\/ambiente\/wp-content\/uploads\/2012\/12\/dent.jpg\" alt=\"\" width=\"650\" height=\"363\" srcset=\"https:\/\/www.ambienteyenergia.gob.ec\/ambiente\/wp-content\/uploads\/sites\/2\/2012\/12\/dent.jpg 650w, https:\/\/www.ambienteyenergia.gob.ec\/ambiente\/wp-content\/uploads\/sites\/2\/2012\/12\/dent-300x167.jpg 300w, https:\/\/www.ambienteyenergia.gob.ec\/ambiente\/wp-content\/uploads\/sites\/2\/2012\/12\/dent-500x279.jpg 500w\" sizes=\"auto, (max-width: 650px) 100vw, 650px\" \/><\/p>\n","protected":false},"excerpt":{"rendered":"<p class=\"excerpt\">En base a estudios t\u00e9cnico-cient\u00edficos, el Ministerio del Ambiente (MAE), a trav\u00e9s de su proyecto Guayaquil Ecol\u00f3gico Componente Restauraci\u00f3n Ecol\u00f3gica del Estero Salado, se ha implementado una Estrategia de Intervenci\u00f3n Zonal en el Estero, la cual se divide en 5 zonas de intervenci\u00f3n: 1. Estero del Muerto, 2. Estero Las Ranas, 3. Estero Mogoll\u00f3n,\u00a0 4. Estero Palanqueado y 5. Estero&hellip; <a href=\"https:\/\/www.ambienteyenergia.gob.ec\/ambiente\/intervencion-integral-zonal-en-esteros-del-muerto-y-las-ranas\/\">Read more &rarr;<\/a><\/p>\n","protected":false},"author":13,"featured_media":7864,"comment_status":"open","ping_status":"open","sticky":false,"template":"","format":"standard","meta":{"footnotes":""},"categories":[16,4],"tags":[48,143,76,68,107],"class_list":["post-7863","post","type-post","status-publish","format-standard","has-post-thumbnail","hentry","category-comunicamos","category-noticias","tag-ecuador","tag-estero-las-ranas","tag-estero-salado","tag-guayaquil","tag-guayaquil-ecologico","xfolkentry"],"_links":{"self":[{"href":"https:\/\/www.ambienteyenergia.gob.ec\/ambiente\/wp-json\/wp\/v2\/posts\/7863","targetHints":{"allow":["GET"]}}],"collection":[{"href":"https:\/\/www.ambienteyenergia.gob.ec\/ambiente\/wp-json\/wp\/v2\/posts"}],"about":[{"href":"https:\/\/www.ambienteyenergia.gob.ec\/ambiente\/wp-json\/wp\/v2\/types\/post"}],"author":[{"embeddable":true,"href":"https:\/\/www.ambienteyenergia.gob.ec\/ambiente\/wp-json\/wp\/v2\/users\/13"}],"replies":[{"embeddable":true,"href":"https:\/\/www.ambienteyenergia.gob.ec\/ambiente\/wp-json\/wp\/v2\/comments?post=7863"}],"version-history":[{"count":0,"href":"https:\/\/www.ambienteyenergia.gob.ec\/ambiente\/wp-json\/wp\/v2\/posts\/7863\/revisions"}],"wp:featuredmedia":[{"embeddable":true,"href":"https:\/\/www.ambienteyenergia.gob.ec\/ambiente\/wp-json\/wp\/v2\/media\/7864"}],"wp:attachment":[{"href":"https:\/\/www.ambienteyenergia.gob.ec\/ambiente\/wp-json\/wp\/v2\/media?parent=7863"}],"wp:term":[{"taxonomy":"category","embeddable":true,"href":"https:\/\/www.ambienteyenergia.gob.ec\/ambiente\/wp-json\/wp\/v2\/categories?post=7863"},{"taxonomy":"post_tag","embeddable":true,"href":"https:\/\/www.ambienteyenergia.gob.ec\/ambiente\/wp-json\/wp\/v2\/tags?post=7863"}],"curies":[{"name":"wp","href":"https:\/\/api.w.org\/{rel}","templated":true}]}}