{"id":7857,"date":"2012-12-03T08:26:29","date_gmt":"2012-12-03T13:26:29","guid":{"rendered":"http:\/\/www.ambiente.gob.ec\/?p=7857"},"modified":"2012-12-03T08:27:28","modified_gmt":"2012-12-03T13:27:28","slug":"parque-guapulo-nuevas-obras-se-entregan-para-beneficio-de-quito","status":"publish","type":"post","link":"https:\/\/www.ambienteyenergia.gob.ec\/ambiente\/parque-guapulo-nuevas-obras-se-entregan-para-beneficio-de-quito\/","title":{"rendered":"Parque Gu\u00e1pulo: Nuevas obras se entregan para beneficio de Quito"},"content":{"rendered":"<p style=\"text-align: left;\">La Empresa P\u00fablica de Parques Naturales y Espacios P\u00fablicos EP entregar\u00e1 el pr\u00f3ximo viernes 7 de diciembre las primeras obras en Parque Gu\u00e1pulo, que consisten en el sector de picadero y pesebrera para la Unidad de Equitaci\u00f3n y Remonta de la Polic\u00eda Nacional y la oficina administrativa y auditorio para la Asociaci\u00f3n Scout del Ecuador. La Ministra del Ambiente, Lorena Tapia, ser\u00e1 parte del evento de entrega.<\/p>\n<p style=\"text-align: left;\">El sector del picadero y pesebrera ser\u00e1 destinado para implementar los trabajos de hipoterapia de la Polic\u00eda Montada, que beneficiaran a las fundaciones de ni\u00f1os y j\u00f3venes con capacidades diferentes, ofreciendo as\u00ed un servicio social a la ciudadan\u00eda encaminada a su bienestar.<\/p>\n<p style=\"text-align: left;\">La zona que estar\u00e1 destinada para la Asociaci\u00f3n de Scouts del Ecuador, denominada Casas Scout, ser\u00e1 el punto de encuentro para ni\u00f1os y j\u00f3venes donde podr\u00e1n desarrollar sus actividades.<\/p>\n<p style=\"text-align: left;\">Parque Gu\u00e1pulo tiene una extensi\u00f3n de 13,93 hect\u00e1reas, en el cual la Empresa P\u00fablica de Parques Naturales y Espacios P\u00fablicos EP ha venido realizando los trabajos de limpieza, desbrose del terreno y mantenimiento de las casas para habilitarlas para su \u00e9sta entrega.<\/p>\n<p style=\"text-align: left;\">El Ministerio del Ambiente, a trav\u00e9s Empresa P\u00fablica de Parques Naturales y Espacios P\u00fablicos EP, ratifica con esta pr\u00f3xima entrega su compromiso de proveer m\u00e1s espacios verdes para el Buen Vivir de todos los quite\u00f1os.<\/p>\n<p style=\"text-align: left;\"><strong>M\u00e1s noticias<\/strong><\/p>\n<p style=\"text-align: left;\"><a href=\"http:\/\/www.ambienteyenergia.gob.ec\/ambiente\/ministra-tapia-constato-avances-de-trabajos-en-parque-guapulo\/\" target=\"_blank\">&#8211; Ministra Tapia constat\u00f3 avances de trabajos en Parque Gu\u00e1pulo<\/a><\/p>\n<p style=\"text-align: left;\"><strong>La Foto:<\/strong><\/p>\n<p style=\"text-align: left;\"><a href=\"http:\/\/www.ambienteyenergia.gob.ec\/ambiente\/wp-content\/uploads\/2012\/12\/355.jpg\"><img loading=\"lazy\" decoding=\"async\" class=\"aligncenter size-full wp-image-7860\" title=\"355\" src=\"http:\/\/www.ambienteyenergia.gob.ec\/ambiente\/wp-content\/uploads\/2012\/12\/355.jpg\" alt=\"\" width=\"650\" height=\"363\" srcset=\"https:\/\/www.ambienteyenergia.gob.ec\/ambiente\/wp-content\/uploads\/sites\/2\/2012\/12\/355.jpg 650w, https:\/\/www.ambienteyenergia.gob.ec\/ambiente\/wp-content\/uploads\/sites\/2\/2012\/12\/355-300x167.jpg 300w, https:\/\/www.ambienteyenergia.gob.ec\/ambiente\/wp-content\/uploads\/sites\/2\/2012\/12\/355-500x279.jpg 500w\" sizes=\"auto, (max-width: 650px) 100vw, 650px\" \/><\/a><\/p>\n","protected":false},"excerpt":{"rendered":"<p class=\"excerpt\">La Empresa P\u00fablica de Parques Naturales y Espacios P\u00fablicos EP entregar\u00e1 el pr\u00f3ximo viernes 7 de diciembre las primeras obras en Parque Gu\u00e1pulo, que consisten en el sector de picadero y pesebrera para la Unidad de Equitaci\u00f3n y Remonta de la Polic\u00eda Nacional y la oficina administrativa y auditorio para la Asociaci\u00f3n Scout del Ecuador. La Ministra del Ambiente, Lorena&hellip; <a href=\"https:\/\/www.ambienteyenergia.gob.ec\/ambiente\/parque-guapulo-nuevas-obras-se-entregan-para-beneficio-de-quito\/\">Read more &rarr;<\/a><\/p>\n","protected":false},"author":13,"featured_media":7858,"comment_status":"open","ping_status":"open","sticky":false,"template":"","format":"standard","meta":{"footnotes":""},"categories":[16,4],"tags":[48,53,54,142,49],"class_list":["post-7857","post","type-post","status-publish","format-standard","has-post-thumbnail","hentry","category-comunicamos","category-noticias","tag-ecuador","tag-mae","tag-ministerio-del-ambiente","tag-parque-guapulo","tag-quito","xfolkentry"],"_links":{"self":[{"href":"https:\/\/www.ambienteyenergia.gob.ec\/ambiente\/wp-json\/wp\/v2\/posts\/7857","targetHints":{"allow":["GET"]}}],"collection":[{"href":"https:\/\/www.ambienteyenergia.gob.ec\/ambiente\/wp-json\/wp\/v2\/posts"}],"about":[{"href":"https:\/\/www.ambienteyenergia.gob.ec\/ambiente\/wp-json\/wp\/v2\/types\/post"}],"author":[{"embeddable":true,"href":"https:\/\/www.ambienteyenergia.gob.ec\/ambiente\/wp-json\/wp\/v2\/users\/13"}],"replies":[{"embeddable":true,"href":"https:\/\/www.ambienteyenergia.gob.ec\/ambiente\/wp-json\/wp\/v2\/comments?post=7857"}],"version-history":[{"count":0,"href":"https:\/\/www.ambienteyenergia.gob.ec\/ambiente\/wp-json\/wp\/v2\/posts\/7857\/revisions"}],"wp:featuredmedia":[{"embeddable":true,"href":"https:\/\/www.ambienteyenergia.gob.ec\/ambiente\/wp-json\/wp\/v2\/media\/7858"}],"wp:attachment":[{"href":"https:\/\/www.ambienteyenergia.gob.ec\/ambiente\/wp-json\/wp\/v2\/media?parent=7857"}],"wp:term":[{"taxonomy":"category","embeddable":true,"href":"https:\/\/www.ambienteyenergia.gob.ec\/ambiente\/wp-json\/wp\/v2\/categories?post=7857"},{"taxonomy":"post_tag","embeddable":true,"href":"https:\/\/www.ambienteyenergia.gob.ec\/ambiente\/wp-json\/wp\/v2\/tags?post=7857"}],"curies":[{"name":"wp","href":"https:\/\/api.w.org\/{rel}","templated":true}]}}